{"id":707,"date":"2024-05-15T22:45:51","date_gmt":"2024-05-15T22:45:51","guid":{"rendered":"https:\/\/altovoltajeradio.com\/es\/?p=707"},"modified":"2024-05-15T22:49:23","modified_gmt":"2024-05-15T22:49:23","slug":"banda-sinfonica-de-neira-alcanza-el-primer-puesto-en-concurso-latinoamericano","status":"publish","type":"post","link":"https:\/\/altovoltajeradio.com\/es\/banda-sinfonica-de-neira-alcanza-el-primer-puesto-en-concurso-latinoamericano\/","title":{"rendered":"Banda sinf\u00f3nica de Neira alcanza el primer puesto en concurso Latinoamericano"},"content":{"rendered":"<p><b>La banda m\u00e1s antigua del programa departamental de Bandas sinf\u00f3nicas de Caldas logr\u00f3 el ocupar el primer puesto en el Concurso Latinoamericano de Bandas Juveniles con 89.67 puntos otorgados por el jurado calificador, el agrupaci\u00f3n super\u00f3 a las<\/b> de Antioquia y Cundinamarca. Adem\u00e1s de ser la m\u00e1s longeva del Departamento han logrado m\u00e1s de 19 reconocimientos en concursos nacionales.<\/p>\n<p>El gobernador de Caldas, Henry Guti\u00e9rrez \u00c1ngel, felicit\u00f3 a todos representantes del departamento que participaron en las competencias y extendi\u00f3 un mensaje especial a los integrantes, al director de la banda, a la rectora y al alcalde de Neira por dejar en alto al departamento ocupando el primer puesto de la competencia.<\/p>\n<p>El alcalde de Neira, Jhon Jairo Casta\u00f1o, destac\u00f3 esta positiva noticia. \u201cGracias a esas fortalezas y virtudes que tiene la instituci\u00f3n desde el punto de vista musical fue galardonada como la banda con mayor puntaje en el Concurso Latinoamericano\u201d, indic\u00f3.<\/p>\n<p>Casta\u00f1o tambi\u00e9n expres\u00f3 que esperan seguir recibiendo el apoyo de la Gobernaci\u00f3n, con el fin de que se fortalezcan cada d\u00eda m\u00e1s las bandas estudiantiles de m\u00fasica.<\/p>\n<p>A este logro alcanzado por los dirigidos por el maestro Holver Mauricio Cardona tamb\u00e9n se suman el de <strong>la banda sinf\u00f3nica de la Escuela Normal Superior de La Presentaci\u00f3n<\/strong>\u00a0<strong>de Pensilvania,<\/strong>\u00a0agrupaci\u00f3nque obtuvo el quinto puesto en el concurso, con lo que<strong> Caldas logra dos galardones en este evento internacional.\u00a0<\/strong><\/p>\n<p>La Secretar\u00eda de Educaci\u00f3n reconoce la dedicaci\u00f3n de los estudiantes, el compromiso de los docentes, el apoyo incondicional de las autoridades locales y de las familias de los j\u00f3venes m\u00fasicos que permiten que sigan llegando triunfos a las agrupaciones del departamento. Adem\u00e1s, recuerda que sigue firme el apoyo al proceso de bandas como aporte a la educaci\u00f3n integral de los ni\u00f1os, ni\u00f1as, adolescentes y j\u00f3venes de Caldas.<\/p>\n<figure id=\"attachment_708\" aria-describedby=\"caption-attachment-708\" style=\"width: 300px\" class=\"wp-caption alignnone\"><img loading=\"lazy\" decoding=\"async\" class=\"size-medium wp-image-708\" src=\"https:\/\/altovoltajeradio.com\/es\/wp-content\/uploads\/2024\/05\/Transitoria-4-300x213.jpeg\" alt=\"Con 89.67 puntos, los jurados del Concurso Latinoamericano de Bandas Sinf\u00f3nicas Juveniles otorgaron el primer puesto a la Banda Sinf\u00f3nica de Neira\" width=\"300\" height=\"213\" srcset=\"https:\/\/altovoltajeradio.com\/es\/wp-content\/uploads\/2024\/05\/Transitoria-4-300x213.jpeg 300w, https:\/\/altovoltajeradio.com\/es\/wp-content\/uploads\/2024\/05\/Transitoria-4-1024x726.jpeg 1024w, https:\/\/altovoltajeradio.com\/es\/wp-content\/uploads\/2024\/05\/Transitoria-4-768x545.jpeg 768w, https:\/\/altovoltajeradio.com\/es\/wp-content\/uploads\/2024\/05\/Transitoria-4-1536x1090.jpeg 1536w, https:\/\/altovoltajeradio.com\/es\/wp-content\/uploads\/2024\/05\/Transitoria-4-255x180.jpeg 255w, https:\/\/altovoltajeradio.com\/es\/wp-content\/uploads\/2024\/05\/Transitoria-4-350x247.jpeg 350w, https:\/\/altovoltajeradio.com\/es\/wp-content\/uploads\/2024\/05\/Transitoria-4-635x450.jpeg 635w, https:\/\/altovoltajeradio.com\/es\/wp-content\/uploads\/2024\/05\/Transitoria-4-290x205.jpeg 290w, https:\/\/altovoltajeradio.com\/es\/wp-content\/uploads\/2024\/05\/Transitoria-4.jpeg 1748w\" sizes=\"auto, (max-width: 300px) 100vw, 300px\" \/><figcaption id=\"caption-attachment-708\" class=\"wp-caption-text\">Neira y Pensilvania vuelven a triunfar con sus bandas estudiantiles de m\u00fasica. Esta vez la victoria lleg\u00f3 para la agrupaci\u00f3n de la Instituci\u00f3n Educativa Neira, que este puente festivo logr\u00f3 el primer lugar en el Concurso Latinoamericano de Bandas Sinf\u00f3nicas Juveniles, compitiendo con 84 agrupaciones de varias partes del continente. En la misma competencia, la Escuela Normal Superior de La Presentaci\u00f3n, de Pensilvania, obtuvo el quinto puesto.<\/figcaption><\/figure>\n","protected":false},"excerpt":{"rendered":"<p>La banda m\u00e1s antigua del programa departamental de Bandas sinf\u00f3nicas [&hellip;]<\/p>\n","protected":false},"author":2,"featured_media":708,"comment_status":"open","ping_status":"open","sticky":false,"template":"","format":"standard","meta":{"footnotes":""},"categories":[11],"tags":[22,35,36,20,21],"class_list":["post-707","post","type-post","status-publish","format-standard","has-post-thumbnail","hentry","category-cultura","tag-anserma","tag-gobierno-de-caldas","tag-neira","tag-riosucio","tag-supia"],"_links":{"self":[{"href":"https:\/\/altovoltajeradio.com\/es\/wp-json\/wp\/v2\/posts\/707","targetHints":{"allow":["GET"]}}],"collection":[{"href":"https:\/\/altovoltajeradio.com\/es\/wp-json\/wp\/v2\/posts"}],"about":[{"href":"https:\/\/altovoltajeradio.com\/es\/wp-json\/wp\/v2\/types\/post"}],"author":[{"embeddable":true,"href":"https:\/\/altovoltajeradio.com\/es\/wp-json\/wp\/v2\/users\/2"}],"replies":[{"embeddable":true,"href":"https:\/\/altovoltajeradio.com\/es\/wp-json\/wp\/v2\/comments?post=707"}],"version-history":[{"count":1,"href":"https:\/\/altovoltajeradio.com\/es\/wp-json\/wp\/v2\/posts\/707\/revisions"}],"predecessor-version":[{"id":709,"href":"https:\/\/altovoltajeradio.com\/es\/wp-json\/wp\/v2\/posts\/707\/revisions\/709"}],"wp:featuredmedia":[{"embeddable":true,"href":"https:\/\/altovoltajeradio.com\/es\/wp-json\/wp\/v2\/media\/708"}],"wp:attachment":[{"href":"https:\/\/altovoltajeradio.com\/es\/wp-json\/wp\/v2\/media?parent=707"}],"wp:term":[{"taxonomy":"category","embeddable":true,"href":"https:\/\/altovoltajeradio.com\/es\/wp-json\/wp\/v2\/categories?post=707"},{"taxonomy":"post_tag","embeddable":true,"href":"https:\/\/altovoltajeradio.com\/es\/wp-json\/wp\/v2\/tags?post=707"}],"curies":[{"name":"wp","href":"https:\/\/api.w.org\/{rel}","templated":true}]}}