{"id":713,"date":"2024-05-16T12:59:25","date_gmt":"2024-05-16T12:59:25","guid":{"rendered":"https:\/\/altovoltajeradio.com\/es\/?p=713"},"modified":"2024-05-16T12:59:25","modified_gmt":"2024-05-16T12:59:25","slug":"en-caldas-hay-conmocion-por-la-muerte-tragica-de-una-futbolista-universitaria","status":"publish","type":"post","link":"https:\/\/altovoltajeradio.com\/es\/en-caldas-hay-conmocion-por-la-muerte-tragica-de-una-futbolista-universitaria\/","title":{"rendered":"En Caldas hay conmoci\u00f3n por la muerte tr\u00e1gica de una futbolista universitaria"},"content":{"rendered":"<p>Maria J\u00edmena Grajales R\u00edos era la estudiante que perdi\u00f3 la vida de manera tr\u00e1gica durante la disputa de un partido preparatorio a los Juegos Nacionales Universitarios, hecho ocurrido en el Espinal Tolima. Maria J\u00edmena era la portera de su equipo reprentativo de la Universidad de Caldas donde era estudiante de Licenciatura en Filosof\u00eda y Letras, el lamentable hecho se debi\u00f3 a que la joven recibi\u00f3 un fuerte bot\u00edn en su abd\u00f3men por parte de una rival lo que le provoc\u00f3 da\u00f1os org\u00e1nicos que le provocaron su muerte. La comunidad acad\u00e9mica y deportiva en el Departamento han manifestado su dolor y han enviado sus condolencias a su familia por este momento dificil que vienen atravesando.<\/p>\n<p>La jefatura de Bienestar Universitario de ese centro de educaci\u00f3n superior, lament\u00f3 este hecho fortuito y que tiene en luto a la universidad y dos familias pasando por momentos muy dif\u00edciles, el n\u00facleo familiar de la fallecida y la otra jugadora y su familia por el accidente que termin\u00f3 en drama.<br \/>\nPor su parte, la Liga Caldense de F\u00fatbol y la dirigencia deportiva del departamento, tambi\u00e9n expresaron sus voces de pesar por el inesperado deceso de Mar\u00eda Jimena quien dej\u00f3 una huella imborrable entre sus compa\u00f1eras de campo y enviaron a su familia, amigos y dem\u00e1s miembros de la comunidad universitaria, un mensaje de solidaridad y condolencia en tan aciagos momentos.<\/p>\n","protected":false},"excerpt":{"rendered":"<p>Maria J\u00edmena Grajales R\u00edos era la estudiante que perdi\u00f3 la [&hellip;]<\/p>\n","protected":false},"author":2,"featured_media":711,"comment_status":"open","ping_status":"open","sticky":false,"template":"","format":"standard","meta":{"footnotes":""},"categories":[6],"tags":[38,35,28,20,37],"class_list":["post-713","post","type-post","status-publish","format-standard","has-post-thumbnail","hentry","category-sucesos","tag-futbol-sala","tag-gobierno-de-caldas","tag-manizales","tag-riosucio","tag-universidad-de-caldas"],"_links":{"self":[{"href":"https:\/\/altovoltajeradio.com\/es\/wp-json\/wp\/v2\/posts\/713","targetHints":{"allow":["GET"]}}],"collection":[{"href":"https:\/\/altovoltajeradio.com\/es\/wp-json\/wp\/v2\/posts"}],"about":[{"href":"https:\/\/altovoltajeradio.com\/es\/wp-json\/wp\/v2\/types\/post"}],"author":[{"embeddable":true,"href":"https:\/\/altovoltajeradio.com\/es\/wp-json\/wp\/v2\/users\/2"}],"replies":[{"embeddable":true,"href":"https:\/\/altovoltajeradio.com\/es\/wp-json\/wp\/v2\/comments?post=713"}],"version-history":[{"count":1,"href":"https:\/\/altovoltajeradio.com\/es\/wp-json\/wp\/v2\/posts\/713\/revisions"}],"predecessor-version":[{"id":714,"href":"https:\/\/altovoltajeradio.com\/es\/wp-json\/wp\/v2\/posts\/713\/revisions\/714"}],"wp:featuredmedia":[{"embeddable":true,"href":"https:\/\/altovoltajeradio.com\/es\/wp-json\/wp\/v2\/media\/711"}],"wp:attachment":[{"href":"https:\/\/altovoltajeradio.com\/es\/wp-json\/wp\/v2\/media?parent=713"}],"wp:term":[{"taxonomy":"category","embeddable":true,"href":"https:\/\/altovoltajeradio.com\/es\/wp-json\/wp\/v2\/categories?post=713"},{"taxonomy":"post_tag","embeddable":true,"href":"https:\/\/altovoltajeradio.com\/es\/wp-json\/wp\/v2\/tags?post=713"}],"curies":[{"name":"wp","href":"https:\/\/api.w.org\/{rel}","templated":true}]}}