{"id":718,"date":"2024-05-19T23:32:38","date_gmt":"2024-05-19T23:32:38","guid":{"rendered":"https:\/\/altovoltajeradio.com\/es\/?p=718"},"modified":"2024-05-19T23:32:38","modified_gmt":"2024-05-19T23:32:38","slug":"30-heridos-deja-caida-de-un-rayo-en-la-escuela-de-carabineros-de-manizales","status":"publish","type":"post","link":"https:\/\/altovoltajeradio.com\/es\/30-heridos-deja-caida-de-un-rayo-en-la-escuela-de-carabineros-de-manizales\/","title":{"rendered":"30 heridos deja ca\u00edda de un rayo en la Escuela de Carabineros de Manizales"},"content":{"rendered":"<p><span class=\"selectable-text copyable-text\">Ca\u00edda de un rayo en Escuela de Carabineros en Manizales dej\u00f3 30 heridos La ca\u00edda de un rayo en la Escuela de Carabineros Alejandro Gutierrez de la Polic\u00eda Nacional en Manizales caus\u00f3 en la tarde del 19 de mayo de 2024 una emergencia en las instalaciones de la instituci\u00f3n policial. De acuerdo al informe entregado por las autoridades, 30 personas se encuentran heridas tras la ca\u00edda de un rayo en la escuela de carabineros de Manizales este domingo, hasta ahora ninguno ha requerido atenci\u00f3n m\u00e9dica adicional, seg\u00fan indican las autoridades. El impacto gener\u00f3 una conflagraci\u00f3n en las instalaciones del establecimiento policial, como se registr\u00f3 a trav\u00e9s de videos que se hicieron virales en las redes sociales.<\/span><\/p>\n<figure id=\"attachment_719\" aria-describedby=\"caption-attachment-719\" style=\"width: 300px\" class=\"wp-caption alignnone\"><img loading=\"lazy\" decoding=\"async\" class=\"size-medium wp-image-719\" src=\"https:\/\/altovoltajeradio.com\/es\/wp-content\/uploads\/2024\/05\/Transitoria-3-300x160.jpg\" alt=\"Ca\u00edda de un rayo en Escuela de Carabineros en Manizales dej\u00f3 30 heridos. El impacto gener\u00f3 una conflagraci\u00f3n en las instalaciones del establecimiento policial\" width=\"300\" height=\"160\" srcset=\"https:\/\/altovoltajeradio.com\/es\/wp-content\/uploads\/2024\/05\/Transitoria-3-300x160.jpg 300w, https:\/\/altovoltajeradio.com\/es\/wp-content\/uploads\/2024\/05\/Transitoria-3-635x339.jpg 635w, https:\/\/altovoltajeradio.com\/es\/wp-content\/uploads\/2024\/05\/Transitoria-3.jpg 750w\" sizes=\"auto, (max-width: 300px) 100vw, 300px\" \/><figcaption id=\"caption-attachment-719\" class=\"wp-caption-text\">De acuerdo con reportes preliminares, cerca de 30 oficiales resultaron heridos por el hecho, que caus\u00f3 conmoci\u00f3n entre los testigos. Los mismos fueron remitidos a centros asistenciales de la capital caldense, entre ellos la Policl\u00ednica, en pro de ser atendidos de sus heridas; en una jornada que gener\u00f3 alarma entre los miembros de esta escuela<\/figcaption><\/figure>\n","protected":false},"excerpt":{"rendered":"<p>Ca\u00edda de un rayo en Escuela de Carabineros en Manizales [&hellip;]<\/p>\n","protected":false},"author":2,"featured_media":0,"comment_status":"open","ping_status":"open","sticky":false,"template":"","format":"standard","meta":{"footnotes":""},"categories":[4],"tags":[41,22,40,35,28,20,21],"class_list":["post-718","post","type-post","status-publish","format-standard","hentry","category-extra","tag-alcaldia-manizales","tag-anserma","tag-empocaldas","tag-gobierno-de-caldas","tag-manizales","tag-riosucio","tag-supia"],"_links":{"self":[{"href":"https:\/\/altovoltajeradio.com\/es\/wp-json\/wp\/v2\/posts\/718","targetHints":{"allow":["GET"]}}],"collection":[{"href":"https:\/\/altovoltajeradio.com\/es\/wp-json\/wp\/v2\/posts"}],"about":[{"href":"https:\/\/altovoltajeradio.com\/es\/wp-json\/wp\/v2\/types\/post"}],"author":[{"embeddable":true,"href":"https:\/\/altovoltajeradio.com\/es\/wp-json\/wp\/v2\/users\/2"}],"replies":[{"embeddable":true,"href":"https:\/\/altovoltajeradio.com\/es\/wp-json\/wp\/v2\/comments?post=718"}],"version-history":[{"count":1,"href":"https:\/\/altovoltajeradio.com\/es\/wp-json\/wp\/v2\/posts\/718\/revisions"}],"predecessor-version":[{"id":720,"href":"https:\/\/altovoltajeradio.com\/es\/wp-json\/wp\/v2\/posts\/718\/revisions\/720"}],"wp:attachment":[{"href":"https:\/\/altovoltajeradio.com\/es\/wp-json\/wp\/v2\/media?parent=718"}],"wp:term":[{"taxonomy":"category","embeddable":true,"href":"https:\/\/altovoltajeradio.com\/es\/wp-json\/wp\/v2\/categories?post=718"},{"taxonomy":"post_tag","embeddable":true,"href":"https:\/\/altovoltajeradio.com\/es\/wp-json\/wp\/v2\/tags?post=718"}],"curies":[{"name":"wp","href":"https:\/\/api.w.org\/{rel}","templated":true}]}}