{"id":731,"date":"2024-05-30T02:34:59","date_gmt":"2024-05-30T02:34:59","guid":{"rendered":"https:\/\/altovoltajeradio.com\/es\/?p=731"},"modified":"2024-05-30T02:34:59","modified_gmt":"2024-05-30T02:34:59","slug":"las-danzas-del-ingruma-llegan-como-invitadas-especiales-al-mono-nunez","status":"publish","type":"post","link":"https:\/\/altovoltajeradio.com\/es\/las-danzas-del-ingruma-llegan-como-invitadas-especiales-al-mono-nunez\/","title":{"rendered":"Las Danzas del Ingruma llegan como invitadas especiales al Mono Nu\u00f1ez"},"content":{"rendered":"<figure id=\"attachment_732\" aria-describedby=\"caption-attachment-732\" style=\"width: 300px\" class=\"wp-caption alignnone\"><img loading=\"lazy\" decoding=\"async\" class=\"size-medium wp-image-732\" src=\"https:\/\/altovoltajeradio.com\/es\/wp-content\/uploads\/2024\/05\/NOTICIAS-EMPOCALDAS-300x213.jpg\" alt=\"\" width=\"300\" height=\"213\" srcset=\"https:\/\/altovoltajeradio.com\/es\/wp-content\/uploads\/2024\/05\/NOTICIAS-EMPOCALDAS-300x213.jpg 300w, https:\/\/altovoltajeradio.com\/es\/wp-content\/uploads\/2024\/05\/NOTICIAS-EMPOCALDAS-1024x726.jpg 1024w, https:\/\/altovoltajeradio.com\/es\/wp-content\/uploads\/2024\/05\/NOTICIAS-EMPOCALDAS-768x545.jpg 768w, https:\/\/altovoltajeradio.com\/es\/wp-content\/uploads\/2024\/05\/NOTICIAS-EMPOCALDAS-1536x1090.jpg 1536w, https:\/\/altovoltajeradio.com\/es\/wp-content\/uploads\/2024\/05\/NOTICIAS-EMPOCALDAS-255x180.jpg 255w, https:\/\/altovoltajeradio.com\/es\/wp-content\/uploads\/2024\/05\/NOTICIAS-EMPOCALDAS-350x247.jpg 350w, https:\/\/altovoltajeradio.com\/es\/wp-content\/uploads\/2024\/05\/NOTICIAS-EMPOCALDAS-635x450.jpg 635w, https:\/\/altovoltajeradio.com\/es\/wp-content\/uploads\/2024\/05\/NOTICIAS-EMPOCALDAS-290x205.jpg 290w, https:\/\/altovoltajeradio.com\/es\/wp-content\/uploads\/2024\/05\/NOTICIAS-EMPOCALDAS.jpg 1748w\" sizes=\"auto, (max-width: 300px) 100vw, 300px\" \/><figcaption id=\"caption-attachment-732\" class=\"wp-caption-text\">Desde 1968, este grupo emblem\u00e1tico dirigido por Julian Bueno Rodr\u00edguez folclorologo e investigador ha llevado lo mejor del folclor de su Regi\u00f3n y las tradiciones danc\u00edsticas recogidas en su Municipio a escenarios nacionales e internacionales. Acompa\u00f1aron a Gabriel Garc\u00eda M\u00e1rquez en Estocolmo y representaron a Colombia en Nueva York, entre muchos otros logros.<br \/>Con m\u00e1s de 55 montajes, cada uno basado en profundas investigaciones culturales, las Danzas del Ingrum\u00e1 son una fusi\u00f3n perfecta de ritualismo ind\u00edgena, expresividad africana y sofisticaci\u00f3n europea.<\/figcaption><\/figure>\n","protected":false},"excerpt":{"rendered":"","protected":false},"author":2,"featured_media":732,"comment_status":"open","ping_status":"open","sticky":false,"template":"","format":"standard","meta":{"footnotes":""},"categories":[11],"tags":[42,40,43,44,35,20,29],"class_list":["post-731","post","type-post","status-publish","format-standard","has-post-thumbnail","hentry","category-cultura","tag-danzas-del-ingruma","tag-empocaldas","tag-festival-mono-nunez","tag-ginebra-valle","tag-gobierno-de-caldas","tag-riosucio","tag-secretaria-de-cultura"],"_links":{"self":[{"href":"https:\/\/altovoltajeradio.com\/es\/wp-json\/wp\/v2\/posts\/731","targetHints":{"allow":["GET"]}}],"collection":[{"href":"https:\/\/altovoltajeradio.com\/es\/wp-json\/wp\/v2\/posts"}],"about":[{"href":"https:\/\/altovoltajeradio.com\/es\/wp-json\/wp\/v2\/types\/post"}],"author":[{"embeddable":true,"href":"https:\/\/altovoltajeradio.com\/es\/wp-json\/wp\/v2\/users\/2"}],"replies":[{"embeddable":true,"href":"https:\/\/altovoltajeradio.com\/es\/wp-json\/wp\/v2\/comments?post=731"}],"version-history":[{"count":2,"href":"https:\/\/altovoltajeradio.com\/es\/wp-json\/wp\/v2\/posts\/731\/revisions"}],"predecessor-version":[{"id":734,"href":"https:\/\/altovoltajeradio.com\/es\/wp-json\/wp\/v2\/posts\/731\/revisions\/734"}],"wp:featuredmedia":[{"embeddable":true,"href":"https:\/\/altovoltajeradio.com\/es\/wp-json\/wp\/v2\/media\/732"}],"wp:attachment":[{"href":"https:\/\/altovoltajeradio.com\/es\/wp-json\/wp\/v2\/media?parent=731"}],"wp:term":[{"taxonomy":"category","embeddable":true,"href":"https:\/\/altovoltajeradio.com\/es\/wp-json\/wp\/v2\/categories?post=731"},{"taxonomy":"post_tag","embeddable":true,"href":"https:\/\/altovoltajeradio.com\/es\/wp-json\/wp\/v2\/tags?post=731"}],"curies":[{"name":"wp","href":"https:\/\/api.w.org\/{rel}","templated":true}]}}