{"id":735,"date":"2024-05-30T03:37:38","date_gmt":"2024-05-30T03:37:38","guid":{"rendered":"https:\/\/altovoltajeradio.com\/es\/?p=735"},"modified":"2024-05-30T03:37:49","modified_gmt":"2024-05-30T03:37:49","slug":"los-profes-del-eje-cafetero-marcharon-en-contra-del-nuevo-sistema-de-salud","status":"publish","type":"post","link":"https:\/\/altovoltajeradio.com\/es\/los-profes-del-eje-cafetero-marcharon-en-contra-del-nuevo-sistema-de-salud\/","title":{"rendered":"Los profes del Eje Cafetero marcharon en contra del nuevo sistema de salud"},"content":{"rendered":"<figure id=\"attachment_736\" aria-describedby=\"caption-attachment-736\" style=\"width: 300px\" class=\"wp-caption alignnone\"><img loading=\"lazy\" decoding=\"async\" class=\"size-medium wp-image-736\" src=\"https:\/\/altovoltajeradio.com\/es\/wp-content\/uploads\/2024\/05\/NOTICIAS-EMPOCALDAS-1-300x213.jpg\" alt=\"\" width=\"300\" height=\"213\" srcset=\"https:\/\/altovoltajeradio.com\/es\/wp-content\/uploads\/2024\/05\/NOTICIAS-EMPOCALDAS-1-300x213.jpg 300w, https:\/\/altovoltajeradio.com\/es\/wp-content\/uploads\/2024\/05\/NOTICIAS-EMPOCALDAS-1-1024x726.jpg 1024w, https:\/\/altovoltajeradio.com\/es\/wp-content\/uploads\/2024\/05\/NOTICIAS-EMPOCALDAS-1-768x545.jpg 768w, https:\/\/altovoltajeradio.com\/es\/wp-content\/uploads\/2024\/05\/NOTICIAS-EMPOCALDAS-1-1536x1090.jpg 1536w, https:\/\/altovoltajeradio.com\/es\/wp-content\/uploads\/2024\/05\/NOTICIAS-EMPOCALDAS-1-255x180.jpg 255w, https:\/\/altovoltajeradio.com\/es\/wp-content\/uploads\/2024\/05\/NOTICIAS-EMPOCALDAS-1-350x247.jpg 350w, https:\/\/altovoltajeradio.com\/es\/wp-content\/uploads\/2024\/05\/NOTICIAS-EMPOCALDAS-1-635x450.jpg 635w, https:\/\/altovoltajeradio.com\/es\/wp-content\/uploads\/2024\/05\/NOTICIAS-EMPOCALDAS-1-290x205.jpg 290w, https:\/\/altovoltajeradio.com\/es\/wp-content\/uploads\/2024\/05\/NOTICIAS-EMPOCALDAS-1.jpg 1748w\" sizes=\"auto, (max-width: 300px) 100vw, 300px\" \/><figcaption id=\"caption-attachment-736\" class=\"wp-caption-text\">Con sombrilla en mano bajo la lluvia cientos de docentes en el Eje cafetero marcharon para exigir el Derecho a la salud y lo que ellos llaman el saboteo de la implementaci\u00f3n del modelo de salud. El paro que tiene una duraci\u00f3n de 24 horas comenz\u00f3 a las primeras horas de la jornada de este miercoles 29 de mayo.<\/figcaption><\/figure>\n","protected":false},"excerpt":{"rendered":"","protected":false},"author":2,"featured_media":736,"comment_status":"open","ping_status":"open","sticky":false,"template":"","format":"standard","meta":{"footnotes":""},"categories":[14],"tags":[33,41,22,48,49,50,35,28,46,47,20,45,21],"class_list":["post-735","post","type-post","status-publish","format-standard","has-post-thumbnail","hentry","category-educacion","tag-aguadas","tag-alcaldia-manizales","tag-anserma","tag-armenia","tag-educal","tag-fecode","tag-gobierno-de-caldas","tag-manizales","tag-ministerio-de-educacion","tag-pereira","tag-riosucio","tag-secretaria-de-educacion","tag-supia"],"_links":{"self":[{"href":"https:\/\/altovoltajeradio.com\/es\/wp-json\/wp\/v2\/posts\/735","targetHints":{"allow":["GET"]}}],"collection":[{"href":"https:\/\/altovoltajeradio.com\/es\/wp-json\/wp\/v2\/posts"}],"about":[{"href":"https:\/\/altovoltajeradio.com\/es\/wp-json\/wp\/v2\/types\/post"}],"author":[{"embeddable":true,"href":"https:\/\/altovoltajeradio.com\/es\/wp-json\/wp\/v2\/users\/2"}],"replies":[{"embeddable":true,"href":"https:\/\/altovoltajeradio.com\/es\/wp-json\/wp\/v2\/comments?post=735"}],"version-history":[{"count":1,"href":"https:\/\/altovoltajeradio.com\/es\/wp-json\/wp\/v2\/posts\/735\/revisions"}],"predecessor-version":[{"id":737,"href":"https:\/\/altovoltajeradio.com\/es\/wp-json\/wp\/v2\/posts\/735\/revisions\/737"}],"wp:featuredmedia":[{"embeddable":true,"href":"https:\/\/altovoltajeradio.com\/es\/wp-json\/wp\/v2\/media\/736"}],"wp:attachment":[{"href":"https:\/\/altovoltajeradio.com\/es\/wp-json\/wp\/v2\/media?parent=735"}],"wp:term":[{"taxonomy":"category","embeddable":true,"href":"https:\/\/altovoltajeradio.com\/es\/wp-json\/wp\/v2\/categories?post=735"},{"taxonomy":"post_tag","embeddable":true,"href":"https:\/\/altovoltajeradio.com\/es\/wp-json\/wp\/v2\/tags?post=735"}],"curies":[{"name":"wp","href":"https:\/\/api.w.org\/{rel}","templated":true}]}}