{"id":738,"date":"2024-05-30T13:57:44","date_gmt":"2024-05-30T13:57:44","guid":{"rendered":"https:\/\/altovoltajeradio.com\/es\/?p=738"},"modified":"2024-05-30T14:00:48","modified_gmt":"2024-05-30T14:00:48","slug":"738-2","status":"publish","type":"post","link":"https:\/\/altovoltajeradio.com\/es\/738-2\/","title":{"rendered":"Falleci\u00f3 reconocido lider campesino por alud de tierra en el sector la Antioque\u00f1a"},"content":{"rendered":"<figure id=\"attachment_739\" aria-describedby=\"caption-attachment-739\" style=\"width: 300px\" class=\"wp-caption alignnone\"><img loading=\"lazy\" decoding=\"async\" class=\"size-medium wp-image-739\" src=\"https:\/\/altovoltajeradio.com\/es\/wp-content\/uploads\/2024\/05\/NOTICIAS-EMPOCALDAS-2-300x213.jpg\" alt=\"\" width=\"300\" height=\"213\" srcset=\"https:\/\/altovoltajeradio.com\/es\/wp-content\/uploads\/2024\/05\/NOTICIAS-EMPOCALDAS-2-300x213.jpg 300w, https:\/\/altovoltajeradio.com\/es\/wp-content\/uploads\/2024\/05\/NOTICIAS-EMPOCALDAS-2-1024x726.jpg 1024w, https:\/\/altovoltajeradio.com\/es\/wp-content\/uploads\/2024\/05\/NOTICIAS-EMPOCALDAS-2-768x545.jpg 768w, https:\/\/altovoltajeradio.com\/es\/wp-content\/uploads\/2024\/05\/NOTICIAS-EMPOCALDAS-2-1536x1090.jpg 1536w, https:\/\/altovoltajeradio.com\/es\/wp-content\/uploads\/2024\/05\/NOTICIAS-EMPOCALDAS-2-255x180.jpg 255w, https:\/\/altovoltajeradio.com\/es\/wp-content\/uploads\/2024\/05\/NOTICIAS-EMPOCALDAS-2-350x247.jpg 350w, https:\/\/altovoltajeradio.com\/es\/wp-content\/uploads\/2024\/05\/NOTICIAS-EMPOCALDAS-2-635x450.jpg 635w, https:\/\/altovoltajeradio.com\/es\/wp-content\/uploads\/2024\/05\/NOTICIAS-EMPOCALDAS-2-290x205.jpg 290w, https:\/\/altovoltajeradio.com\/es\/wp-content\/uploads\/2024\/05\/NOTICIAS-EMPOCALDAS-2.jpg 1748w\" sizes=\"auto, (max-width: 300px) 100vw, 300px\" \/><figcaption id=\"caption-attachment-739\" class=\"wp-caption-text\">Las autoridades ambientales del Departamento han venido alertando sobre las crecientes s\u00fabitas y los desprendiemientos de tierra a causa de la fuerte ola invernal. Ayer en la zona de la tierra fr\u00eda de Riosucio, se present\u00f3 una tragedia dejando como saldo una persona fallecida. Se trata del reconocido lider campesino Rodr\u00edgo Morales quien fue defensor de los derechos de la poblaci\u00f3n mestiza de su regi\u00f3n. Fue adem\u00e1s fundador de la organizaci\u00f3n conocida como \u00abOrgullosamente Tierra fria campesinos\u00bb, tambi\u00e9n fue candidato al concejo municipal en las \u00faltimas elecciones territoriales.<\/figcaption><\/figure>\n","protected":false},"excerpt":{"rendered":"","protected":false},"author":2,"featured_media":739,"comment_status":"open","ping_status":"open","sticky":false,"template":"","format":"standard","meta":{"footnotes":""},"categories":[6],"tags":[22,40,35,28,20,51],"class_list":["post-738","post","type-post","status-publish","format-standard","has-post-thumbnail","hentry","category-sucesos","tag-anserma","tag-empocaldas","tag-gobierno-de-caldas","tag-manizales","tag-riosucio","tag-secretaria-de-medio-ambiente"],"_links":{"self":[{"href":"https:\/\/altovoltajeradio.com\/es\/wp-json\/wp\/v2\/posts\/738","targetHints":{"allow":["GET"]}}],"collection":[{"href":"https:\/\/altovoltajeradio.com\/es\/wp-json\/wp\/v2\/posts"}],"about":[{"href":"https:\/\/altovoltajeradio.com\/es\/wp-json\/wp\/v2\/types\/post"}],"author":[{"embeddable":true,"href":"https:\/\/altovoltajeradio.com\/es\/wp-json\/wp\/v2\/users\/2"}],"replies":[{"embeddable":true,"href":"https:\/\/altovoltajeradio.com\/es\/wp-json\/wp\/v2\/comments?post=738"}],"version-history":[{"count":2,"href":"https:\/\/altovoltajeradio.com\/es\/wp-json\/wp\/v2\/posts\/738\/revisions"}],"predecessor-version":[{"id":741,"href":"https:\/\/altovoltajeradio.com\/es\/wp-json\/wp\/v2\/posts\/738\/revisions\/741"}],"wp:featuredmedia":[{"embeddable":true,"href":"https:\/\/altovoltajeradio.com\/es\/wp-json\/wp\/v2\/media\/739"}],"wp:attachment":[{"href":"https:\/\/altovoltajeradio.com\/es\/wp-json\/wp\/v2\/media?parent=738"}],"wp:term":[{"taxonomy":"category","embeddable":true,"href":"https:\/\/altovoltajeradio.com\/es\/wp-json\/wp\/v2\/categories?post=738"},{"taxonomy":"post_tag","embeddable":true,"href":"https:\/\/altovoltajeradio.com\/es\/wp-json\/wp\/v2\/tags?post=738"}],"curies":[{"name":"wp","href":"https:\/\/api.w.org\/{rel}","templated":true}]}}