{"id":74,"date":"2022-03-22T04:04:45","date_gmt":"2022-03-22T04:04:45","guid":{"rendered":"https:\/\/altovoltajeradio.com\/es\/?p=74"},"modified":"2022-03-22T04:04:45","modified_gmt":"2022-03-22T04:04:45","slug":"los-coordinadores-de-pequenas-comunidades-tuvieron-su-taller-en-anserma","status":"publish","type":"post","link":"https:\/\/altovoltajeradio.com\/es\/los-coordinadores-de-pequenas-comunidades-tuvieron-su-taller-en-anserma\/","title":{"rendered":"Los coordinadores de peque\u00f1as comunidades tuvieron su taller en Anserma"},"content":{"rendered":"\n<p>Este puente festivo de San Jos\u00e9 se programo una reuni\u00f3n con los evangelizadores de las Vicar\u00edas Nuestra Se\u00f1ora del Rosario, Inmaculada y San Marcos en el Coliseo Cubierto de Anserma. Fueron m\u00e1s de 500 personas evangelizadas pertenecientes a las Parroquias pertenecientes a dichas Vicar\u00edas. All\u00ed durante 8 horas se trataron con profundidad temas relacionados con el proceso de evangelizaci\u00f3n, acto que fue presidido por el sacerdote Carlos Mario Diez. Se habl\u00f3 de la importancia de los Ministerio de Comunidades por que como dice el Papa francisco se trata de acompa\u00f1ar y asesorar a los hermanos que est\u00e1n viviendo la fe en los distintos niveles de comunidad, fortaleciendo en ellos los lazos humanos, espirituales y pastorales que los unen, para que caminando hacia una fe adulta, lleguen a ser en la Iglesia verdaderos disc\u00edpulos misioneros del Se\u00f1or, para la edificaci\u00f3n de su Reino.<\/p>\n\n\n\n<p>Al final de la jornada informativa se llev\u00f3 a cabo la Eucarist\u00eda con el Monse\u00f1or Rigoberto Corredor Berm\u00fadez, misa concelebrada y en la cual estuvieron la gran mayor\u00eda de Curas P\u00e1rrocos de las comunidades evangelizadoras presentes. Por Riosucio fueron cerca de 80 evangelizadores de las Parroquias de San Sebastian, La Candelaria, Nuestra Se\u00f1ora de las Mercedes y Bonafont. Se lament\u00f3 la ausencia de las comunidades de San Lorenzo que son las m\u00e1s avanzadas en estos procesos de evangelizaci\u00f3n quienes debieron suspender el viaje por el cierre temporal de la v\u00eda que conduce a San Lorenzo con la carretera central. Por \u00faltimo, el Obispo confirm\u00f3 a Riosucio como sede en noviembre pr\u00f3ximo del gran encuentro de comunidades que albergar\u00e1 a m\u00e1s de 3 mil evangelizadores.<\/p>\n\n\n\n<figure class=\"wp-block-image size-large\"><img loading=\"lazy\" decoding=\"async\" width=\"1024\" height=\"768\" src=\"https:\/\/altovoltajeradio.com\/es\/wp-content\/uploads\/2022\/03\/borradores-4-1-1024x768.jpg\" alt=\"\" class=\"wp-image-75\" srcset=\"https:\/\/altovoltajeradio.com\/es\/wp-content\/uploads\/2022\/03\/borradores-4-1-1024x768.jpg 1024w, https:\/\/altovoltajeradio.com\/es\/wp-content\/uploads\/2022\/03\/borradores-4-1-300x225.jpg 300w, https:\/\/altovoltajeradio.com\/es\/wp-content\/uploads\/2022\/03\/borradores-4-1-768x576.jpg 768w, https:\/\/altovoltajeradio.com\/es\/wp-content\/uploads\/2022\/03\/borradores-4-1-1536x1153.jpg 1536w, https:\/\/altovoltajeradio.com\/es\/wp-content\/uploads\/2022\/03\/borradores-4-1-635x477.jpg 635w, https:\/\/altovoltajeradio.com\/es\/wp-content\/uploads\/2022\/03\/borradores-4-1.jpg 1599w\" sizes=\"auto, (max-width: 1024px) 100vw, 1024px\" \/><\/figure>\n","protected":false},"excerpt":{"rendered":"<p>Este puente festivo de San Jos\u00e9 se programo una reuni\u00f3n [&hellip;]<\/p>\n","protected":false},"author":2,"featured_media":75,"comment_status":"open","ping_status":"open","sticky":false,"template":"","format":"standard","meta":{"footnotes":""},"categories":[1],"tags":[],"class_list":["post-74","post","type-post","status-publish","format-standard","has-post-thumbnail","hentry","category-general"],"_links":{"self":[{"href":"https:\/\/altovoltajeradio.com\/es\/wp-json\/wp\/v2\/posts\/74","targetHints":{"allow":["GET"]}}],"collection":[{"href":"https:\/\/altovoltajeradio.com\/es\/wp-json\/wp\/v2\/posts"}],"about":[{"href":"https:\/\/altovoltajeradio.com\/es\/wp-json\/wp\/v2\/types\/post"}],"author":[{"embeddable":true,"href":"https:\/\/altovoltajeradio.com\/es\/wp-json\/wp\/v2\/users\/2"}],"replies":[{"embeddable":true,"href":"https:\/\/altovoltajeradio.com\/es\/wp-json\/wp\/v2\/comments?post=74"}],"version-history":[{"count":1,"href":"https:\/\/altovoltajeradio.com\/es\/wp-json\/wp\/v2\/posts\/74\/revisions"}],"predecessor-version":[{"id":76,"href":"https:\/\/altovoltajeradio.com\/es\/wp-json\/wp\/v2\/posts\/74\/revisions\/76"}],"wp:featuredmedia":[{"embeddable":true,"href":"https:\/\/altovoltajeradio.com\/es\/wp-json\/wp\/v2\/media\/75"}],"wp:attachment":[{"href":"https:\/\/altovoltajeradio.com\/es\/wp-json\/wp\/v2\/media?parent=74"}],"wp:term":[{"taxonomy":"category","embeddable":true,"href":"https:\/\/altovoltajeradio.com\/es\/wp-json\/wp\/v2\/categories?post=74"},{"taxonomy":"post_tag","embeddable":true,"href":"https:\/\/altovoltajeradio.com\/es\/wp-json\/wp\/v2\/tags?post=74"}],"curies":[{"name":"wp","href":"https:\/\/api.w.org\/{rel}","templated":true}]}}