{"id":751,"date":"2024-06-04T14:47:05","date_gmt":"2024-06-04T14:47:05","guid":{"rendered":"https:\/\/altovoltajeradio.com\/es\/?p=751"},"modified":"2024-06-04T14:47:10","modified_gmt":"2024-06-04T14:47:10","slug":"delegacion-caldense-brillo-en-el-festival-mono-nunez","status":"publish","type":"post","link":"https:\/\/altovoltajeradio.com\/es\/delegacion-caldense-brillo-en-el-festival-mono-nunez\/","title":{"rendered":"Delegaci\u00f3n caldense brillo en el Festival Mono Nu\u00f1ez"},"content":{"rendered":"<p>El pasado fin de semana se llev\u00f3 a cabo el Festival Mono Nu\u00f1ez que llegaron a los 50 a\u00f1os de fundaci\u00f3n. Se trata de un certamen musical anualmente organizado en Ginebra, municipio del Valle del Cauca en el mes de junio. Organizado desde 1975, es el evento de m\u00fasica andina, bambuco, pasillo colombiano m\u00e1s importante del pa\u00eds, y uno de los m\u00e1s importantes de su g\u00e9nero en Latinoam\u00e9rica. All\u00ed se tuvo la participaci\u00f3n de varios artistas del Departamento de Caldas, la Delegaci\u00f3n la integraron un total de 120 artistas, gestores, int\u00e9rpretes, investigadores, compositores y danzantes, de esta manera, Caldas se hizo presente en las Bodas de Oro del <strong>Festival Nacional de M\u00fasica Andina Colombiana Mono N\u00fa\u00f1ez<\/strong>, el cual se desarroll\u00f3 durante este fin de semana en Ginebra, Valle del Cauca.<\/p>\n<p>Desde la organizaci\u00f3n<strong>\u00a0del Festival<\/strong> se programaron varios encuentros y en diferentes escenarios en los cuales artistas de todo el pa\u00eds demostraron su talento y gusto por la M\u00fasica Andina Colombiana.<\/p>\n<p>Los eventos se desarrollaron en los colegios La Salle y el colegio 10, el festival de La Plaza, el coliseo Gerardo Arellano, y en la plaza principal del municipio.<\/p>\n<p>La representaci\u00f3n caldense logr\u00f3 obtener importantes reconocimientos en diversas categor\u00edas del prestigioso evento, lo que reafirma el talento y la dedicaci\u00f3n de sus artistas en el \u00e1mbito de la m\u00fasica andina colombiana.<\/p>\n<p>En esta edici\u00f3n del festival, Caldas se llev\u00f3 varios galardones destacados:<\/p>\n<p>Mejor Obra In\u00e9dita Vocal: El bambuco \u201cPaisaje Campesinero\u201d de Ana Mar\u00eda Naranjo, interpretado por el Dueto Renaceres, fue reconocido como la mejor obra in\u00e9dita vocal, resaltando la creatividad y el talento de los compositores e int\u00e9rpretes caldenses.<\/p>\n<figure id=\"attachment_752\" aria-describedby=\"caption-attachment-752\" style=\"width: 300px\" class=\"wp-caption alignnone\"><img loading=\"lazy\" decoding=\"async\" class=\"size-medium wp-image-752\" src=\"https:\/\/altovoltajeradio.com\/es\/wp-content\/uploads\/2024\/06\/NOTICIAS-Imagen-2-300x206.jpeg\" alt=\"\" width=\"300\" height=\"206\" srcset=\"https:\/\/altovoltajeradio.com\/es\/wp-content\/uploads\/2024\/06\/NOTICIAS-Imagen-2-300x206.jpeg 300w, https:\/\/altovoltajeradio.com\/es\/wp-content\/uploads\/2024\/06\/NOTICIAS-Imagen-2-1024x703.jpeg 1024w, https:\/\/altovoltajeradio.com\/es\/wp-content\/uploads\/2024\/06\/NOTICIAS-Imagen-2-768x527.jpeg 768w, https:\/\/altovoltajeradio.com\/es\/wp-content\/uploads\/2024\/06\/NOTICIAS-Imagen-2-1536x1055.jpeg 1536w, https:\/\/altovoltajeradio.com\/es\/wp-content\/uploads\/2024\/06\/NOTICIAS-Imagen-2-635x436.jpeg 635w, https:\/\/altovoltajeradio.com\/es\/wp-content\/uploads\/2024\/06\/NOTICIAS-Imagen-2-350x240.jpeg 350w, https:\/\/altovoltajeradio.com\/es\/wp-content\/uploads\/2024\/06\/NOTICIAS-Imagen-2.jpeg 2048w\" sizes=\"auto, (max-width: 300px) 100vw, 300px\" \/><figcaption id=\"caption-attachment-752\" class=\"wp-caption-text\">El pasado fin de semana se llev\u00f3 a cabo el Festival Mono Nu\u00f1ez que llegaron a los 50 a\u00f1os de fundaci\u00f3n.<\/figcaption><\/figure>\n<p>Segundo Puesto en Obra In\u00e9dita Instrumental: La \u201cDanza Andina\u201d de Fredy Mauricio Pinz\u00f3n, interpretada por el Coro de Clarinetes de la Universidad de Caldas, obtuvo el segundo puesto en esta categor\u00eda, demostrando la excelencia instrumental y la habilidad de los m\u00fasicos de la regi\u00f3n.<\/p>\n<p>Mejor Conjunto Instrumental: El Coro de Clarinetes de la Universidad de Caldas tambi\u00e9n fue galardonado como el mejor conjunto instrumental, reconociendo su sobresaliente interpretaci\u00f3n y cohesi\u00f3n como grupo musical.<\/p>\n<p>Mejor Dueto Vocal: El Dueto Florecer Andino fue premiado como el mejor dueto vocal, destacando su armon\u00eda y calidad vocal en sus interpretaciones.<\/p>\n<p>Gran Premio Mono N\u00fa\u00f1ez Modalidad Vocal: El m\u00e1ximo galard\u00f3n en la modalidad vocal, el Gran Premio Mono N\u00fa\u00f1ez, fue otorgado al Dueto Florecer Andino, reafirmando su excelencia y contribuci\u00f3n a la m\u00fasica andina colombiana.<\/p>\n<p>UN DATO PARA TENER EN CUENTA: Con 55 a\u00f1os de experiencia y m\u00faltiples reconocimientos nacionales e internacionales, las Danzas del Ingrum\u00e1 participaron como invitados especiales en el Mono Nu\u00f1ez al igual que el\u00a0 flautista Arley de Jes\u00fas Arenas con un amplio repertorio que forman parte del patrimonio cultural andino colombiano.<\/p>\n","protected":false},"excerpt":{"rendered":"<p>El pasado fin de semana se llev\u00f3 a cabo el [&hellip;]<\/p>\n","protected":false},"author":2,"featured_media":752,"comment_status":"open","ping_status":"open","sticky":false,"template":"","format":"standard","meta":{"footnotes":""},"categories":[11],"tags":[41,52,43,35,20,29,45],"class_list":["post-751","post","type-post","status-publish","format-standard","has-post-thumbnail","hentry","category-cultura","tag-alcaldia-manizales","tag-alcaldia-riosucio-caldas","tag-festival-mono-nunez","tag-gobierno-de-caldas","tag-riosucio","tag-secretaria-de-cultura","tag-secretaria-de-educacion"],"_links":{"self":[{"href":"https:\/\/altovoltajeradio.com\/es\/wp-json\/wp\/v2\/posts\/751","targetHints":{"allow":["GET"]}}],"collection":[{"href":"https:\/\/altovoltajeradio.com\/es\/wp-json\/wp\/v2\/posts"}],"about":[{"href":"https:\/\/altovoltajeradio.com\/es\/wp-json\/wp\/v2\/types\/post"}],"author":[{"embeddable":true,"href":"https:\/\/altovoltajeradio.com\/es\/wp-json\/wp\/v2\/users\/2"}],"replies":[{"embeddable":true,"href":"https:\/\/altovoltajeradio.com\/es\/wp-json\/wp\/v2\/comments?post=751"}],"version-history":[{"count":1,"href":"https:\/\/altovoltajeradio.com\/es\/wp-json\/wp\/v2\/posts\/751\/revisions"}],"predecessor-version":[{"id":753,"href":"https:\/\/altovoltajeradio.com\/es\/wp-json\/wp\/v2\/posts\/751\/revisions\/753"}],"wp:featuredmedia":[{"embeddable":true,"href":"https:\/\/altovoltajeradio.com\/es\/wp-json\/wp\/v2\/media\/752"}],"wp:attachment":[{"href":"https:\/\/altovoltajeradio.com\/es\/wp-json\/wp\/v2\/media?parent=751"}],"wp:term":[{"taxonomy":"category","embeddable":true,"href":"https:\/\/altovoltajeradio.com\/es\/wp-json\/wp\/v2\/categories?post=751"},{"taxonomy":"post_tag","embeddable":true,"href":"https:\/\/altovoltajeradio.com\/es\/wp-json\/wp\/v2\/tags?post=751"}],"curies":[{"name":"wp","href":"https:\/\/api.w.org\/{rel}","templated":true}]}}