{"id":754,"date":"2024-06-06T03:43:13","date_gmt":"2024-06-06T03:43:13","guid":{"rendered":"https:\/\/altovoltajeradio.com\/es\/?p=754"},"modified":"2024-06-06T03:43:18","modified_gmt":"2024-06-06T03:43:18","slug":"extorsionan-a-docentes-en-anserma-preocupacion","status":"publish","type":"post","link":"https:\/\/altovoltajeradio.com\/es\/extorsionan-a-docentes-en-anserma-preocupacion\/","title":{"rendered":"Extorsionan a docentes en Anserma. Preocupaci\u00f3n"},"content":{"rendered":"<figure id=\"attachment_756\" aria-describedby=\"caption-attachment-756\" style=\"width: 300px\" class=\"wp-caption alignnone\"><img loading=\"lazy\" decoding=\"async\" class=\"size-medium wp-image-756\" src=\"https:\/\/altovoltajeradio.com\/es\/wp-content\/uploads\/2024\/06\/NOTICIAS-EMPOCALDAS-1-300x213.jpg\" alt=\"\" width=\"300\" height=\"213\" srcset=\"https:\/\/altovoltajeradio.com\/es\/wp-content\/uploads\/2024\/06\/NOTICIAS-EMPOCALDAS-1-300x213.jpg 300w, https:\/\/altovoltajeradio.com\/es\/wp-content\/uploads\/2024\/06\/NOTICIAS-EMPOCALDAS-1-1024x726.jpg 1024w, https:\/\/altovoltajeradio.com\/es\/wp-content\/uploads\/2024\/06\/NOTICIAS-EMPOCALDAS-1-768x545.jpg 768w, https:\/\/altovoltajeradio.com\/es\/wp-content\/uploads\/2024\/06\/NOTICIAS-EMPOCALDAS-1-1536x1090.jpg 1536w, https:\/\/altovoltajeradio.com\/es\/wp-content\/uploads\/2024\/06\/NOTICIAS-EMPOCALDAS-1-255x180.jpg 255w, https:\/\/altovoltajeradio.com\/es\/wp-content\/uploads\/2024\/06\/NOTICIAS-EMPOCALDAS-1-350x247.jpg 350w, https:\/\/altovoltajeradio.com\/es\/wp-content\/uploads\/2024\/06\/NOTICIAS-EMPOCALDAS-1-635x450.jpg 635w, https:\/\/altovoltajeradio.com\/es\/wp-content\/uploads\/2024\/06\/NOTICIAS-EMPOCALDAS-1-290x205.jpg 290w, https:\/\/altovoltajeradio.com\/es\/wp-content\/uploads\/2024\/06\/NOTICIAS-EMPOCALDAS-1.jpg 1748w\" sizes=\"auto, (max-width: 300px) 100vw, 300px\" \/><figcaption id=\"caption-attachment-756\" class=\"wp-caption-text\">El Gaula en Caldas anunci\u00f3 un plan para contrarrestar los hechos de extorsi\u00f3n en el occidente del departamento. Desde el Gaula Caldas se ha informado que el caso de estas intimidaciones a los docentes en Anserma est\u00e1 priorizado y se est\u00e1 invitando a la ciudadan\u00eda a denunciar estos casos. Seg\u00fan la comunidad del municipio algunos docentes est\u00e1n recibiendo amenazas para hacer pagos a cambio de dejar las intimidaciones.<\/figcaption><\/figure>\n","protected":false},"excerpt":{"rendered":"","protected":false},"author":2,"featured_media":756,"comment_status":"open","ping_status":"open","sticky":false,"template":"","format":"standard","meta":{"footnotes":""},"categories":[7],"tags":[41,52,22,35,28,34,20],"class_list":["post-754","post","type-post","status-publish","format-standard","has-post-thumbnail","hentry","category-judicial","tag-alcaldia-manizales","tag-alcaldia-riosucio-caldas","tag-anserma","tag-gobierno-de-caldas","tag-manizales","tag-policia-caldas","tag-riosucio"],"_links":{"self":[{"href":"https:\/\/altovoltajeradio.com\/es\/wp-json\/wp\/v2\/posts\/754","targetHints":{"allow":["GET"]}}],"collection":[{"href":"https:\/\/altovoltajeradio.com\/es\/wp-json\/wp\/v2\/posts"}],"about":[{"href":"https:\/\/altovoltajeradio.com\/es\/wp-json\/wp\/v2\/types\/post"}],"author":[{"embeddable":true,"href":"https:\/\/altovoltajeradio.com\/es\/wp-json\/wp\/v2\/users\/2"}],"replies":[{"embeddable":true,"href":"https:\/\/altovoltajeradio.com\/es\/wp-json\/wp\/v2\/comments?post=754"}],"version-history":[{"count":1,"href":"https:\/\/altovoltajeradio.com\/es\/wp-json\/wp\/v2\/posts\/754\/revisions"}],"predecessor-version":[{"id":757,"href":"https:\/\/altovoltajeradio.com\/es\/wp-json\/wp\/v2\/posts\/754\/revisions\/757"}],"wp:featuredmedia":[{"embeddable":true,"href":"https:\/\/altovoltajeradio.com\/es\/wp-json\/wp\/v2\/media\/756"}],"wp:attachment":[{"href":"https:\/\/altovoltajeradio.com\/es\/wp-json\/wp\/v2\/media?parent=754"}],"wp:term":[{"taxonomy":"category","embeddable":true,"href":"https:\/\/altovoltajeradio.com\/es\/wp-json\/wp\/v2\/categories?post=754"},{"taxonomy":"post_tag","embeddable":true,"href":"https:\/\/altovoltajeradio.com\/es\/wp-json\/wp\/v2\/tags?post=754"}],"curies":[{"name":"wp","href":"https:\/\/api.w.org\/{rel}","templated":true}]}}