{"id":758,"date":"2024-06-07T14:16:28","date_gmt":"2024-06-07T14:16:28","guid":{"rendered":"https:\/\/altovoltajeradio.com\/es\/?p=758"},"modified":"2024-06-07T14:16:28","modified_gmt":"2024-06-07T14:16:28","slug":"luto-en-la-musica-popular-colombiana-por-el-fallecimiento-de-jose-munoz-fundador-de-los-relicarios","status":"publish","type":"post","link":"https:\/\/altovoltajeradio.com\/es\/luto-en-la-musica-popular-colombiana-por-el-fallecimiento-de-jose-munoz-fundador-de-los-relicarios\/","title":{"rendered":"Luto en la m\u00fasica popular colombiana por el fallecimiento de Jos\u00e9 Mu\u00f1oz fundador de Los Relicarios"},"content":{"rendered":"<p>A los 93 a\u00f1os, falleci\u00f3\u00a0 la noche del jueves 6 de junio, el compositor y fundador de la agrupaci\u00f3n Los Relicarios, Jos\u00e9 Mu\u00f1oz.<\/p>\n<p>La noticia fue entregada por su propia familia en la media noche de ayer, \u201cCon el coraz\u00f3n cargado de tristeza, pero firmes en la defensa de nuestro patrimonio, la familia Mu\u00f1oz comunica el sensible fallecimiento de nuestro padre, Jos\u00e9 Mu\u00f1oz, la voz fundacional de Los Relicarios, a los 93 a\u00f1os\u201d, indicaron.<\/p>\n<p>En enero de este a\u00f1o, Mu\u00f1oz hab\u00eda anunciado el retiro de los escenarios. Era la voz principal de la agrupaci\u00f3n y guitarrista de la misma.<\/p>\n<p>Mu\u00f1oz, el ic\u00f3nico compositor, guitarrista y cantante nacido en Bello, Antioquia, es conocido por ser el m\u00e1ximo exponente de la m\u00fasica parrandera paisa, comenz\u00f3 su traves\u00eda musical a la temprana edad de siete a\u00f1os, cuando empez\u00f3 a estudiar guitarra.<\/p>\n<p>Inmerso en la vibrante escena musical de Medell\u00edn desde una edad temprana, Mu\u00f1oz fue influenciado por la m\u00fasica de Guillermo Buitrago, lo que lo llev\u00f3 a embarcarse en una vida bohemia que lo catapult\u00f3 a la fama. Con canciones emblem\u00e1ticas como \u00abLos gotereros\u00bb, \u00abEl rat\u00f3n\u00bb y \u00abEl mes de la parranda\u00bb, Mu\u00f1oz dej\u00f3 una marca indeleble en el g\u00e9nero parrandero paisa.<\/p>\n<figure id=\"attachment_759\" aria-describedby=\"caption-attachment-759\" style=\"width: 300px\" class=\"wp-caption alignnone\"><img loading=\"lazy\" decoding=\"async\" class=\"size-medium wp-image-759\" src=\"https:\/\/altovoltajeradio.com\/es\/wp-content\/uploads\/2024\/06\/NOTICIAS-EMPOCALDAS-2-300x213.jpg\" alt=\"\" width=\"300\" height=\"213\" srcset=\"https:\/\/altovoltajeradio.com\/es\/wp-content\/uploads\/2024\/06\/NOTICIAS-EMPOCALDAS-2-300x213.jpg 300w, https:\/\/altovoltajeradio.com\/es\/wp-content\/uploads\/2024\/06\/NOTICIAS-EMPOCALDAS-2-1024x726.jpg 1024w, https:\/\/altovoltajeradio.com\/es\/wp-content\/uploads\/2024\/06\/NOTICIAS-EMPOCALDAS-2-768x545.jpg 768w, https:\/\/altovoltajeradio.com\/es\/wp-content\/uploads\/2024\/06\/NOTICIAS-EMPOCALDAS-2-1536x1090.jpg 1536w, https:\/\/altovoltajeradio.com\/es\/wp-content\/uploads\/2024\/06\/NOTICIAS-EMPOCALDAS-2-255x180.jpg 255w, https:\/\/altovoltajeradio.com\/es\/wp-content\/uploads\/2024\/06\/NOTICIAS-EMPOCALDAS-2-350x247.jpg 350w, https:\/\/altovoltajeradio.com\/es\/wp-content\/uploads\/2024\/06\/NOTICIAS-EMPOCALDAS-2-635x450.jpg 635w, https:\/\/altovoltajeradio.com\/es\/wp-content\/uploads\/2024\/06\/NOTICIAS-EMPOCALDAS-2-290x205.jpg 290w, https:\/\/altovoltajeradio.com\/es\/wp-content\/uploads\/2024\/06\/NOTICIAS-EMPOCALDAS-2.jpg 1748w\" sizes=\"auto, (max-width: 300px) 100vw, 300px\" \/><figcaption id=\"caption-attachment-759\" class=\"wp-caption-text\">Pasada la media noche de ayer su familia di\u00f3 a conocer la lamentable noticia de su fallecimiento.<\/figcaption><\/figure>\n","protected":false},"excerpt":{"rendered":"<p>A los 93 a\u00f1os, falleci\u00f3\u00a0 la noche del jueves 6 [&hellip;]<\/p>\n","protected":false},"author":2,"featured_media":0,"comment_status":"open","ping_status":"open","sticky":false,"template":"","format":"standard","meta":{"footnotes":""},"categories":[6],"tags":[31,22,55,54,56,53,20,29,21],"class_list":["post-758","post","type-post","status-publish","format-standard","hentry","category-sucesos","tag-aguardiente-amarillo-de-manzanarez","tag-anserma","tag-antioquia","tag-los-relicarios","tag-medellin","tag-musica-popular","tag-riosucio","tag-secretaria-de-cultura","tag-supia"],"_links":{"self":[{"href":"https:\/\/altovoltajeradio.com\/es\/wp-json\/wp\/v2\/posts\/758","targetHints":{"allow":["GET"]}}],"collection":[{"href":"https:\/\/altovoltajeradio.com\/es\/wp-json\/wp\/v2\/posts"}],"about":[{"href":"https:\/\/altovoltajeradio.com\/es\/wp-json\/wp\/v2\/types\/post"}],"author":[{"embeddable":true,"href":"https:\/\/altovoltajeradio.com\/es\/wp-json\/wp\/v2\/users\/2"}],"replies":[{"embeddable":true,"href":"https:\/\/altovoltajeradio.com\/es\/wp-json\/wp\/v2\/comments?post=758"}],"version-history":[{"count":1,"href":"https:\/\/altovoltajeradio.com\/es\/wp-json\/wp\/v2\/posts\/758\/revisions"}],"predecessor-version":[{"id":760,"href":"https:\/\/altovoltajeradio.com\/es\/wp-json\/wp\/v2\/posts\/758\/revisions\/760"}],"wp:attachment":[{"href":"https:\/\/altovoltajeradio.com\/es\/wp-json\/wp\/v2\/media?parent=758"}],"wp:term":[{"taxonomy":"category","embeddable":true,"href":"https:\/\/altovoltajeradio.com\/es\/wp-json\/wp\/v2\/categories?post=758"},{"taxonomy":"post_tag","embeddable":true,"href":"https:\/\/altovoltajeradio.com\/es\/wp-json\/wp\/v2\/tags?post=758"}],"curies":[{"name":"wp","href":"https:\/\/api.w.org\/{rel}","templated":true}]}}