{"id":761,"date":"2024-06-07T17:03:50","date_gmt":"2024-06-07T17:03:50","guid":{"rendered":"https:\/\/altovoltajeradio.com\/es\/?p=761"},"modified":"2024-06-07T17:03:50","modified_gmt":"2024-06-07T17:03:50","slug":"en-riosucio-se-declara-emergencia-sanitaria-por-brote-del-dengue","status":"publish","type":"post","link":"https:\/\/altovoltajeradio.com\/es\/en-riosucio-se-declara-emergencia-sanitaria-por-brote-del-dengue\/","title":{"rendered":"En Riosucio se declara emergencia sanitaria por brote del dengue"},"content":{"rendered":"<figure id=\"attachment_762\" aria-describedby=\"caption-attachment-762\" style=\"width: 300px\" class=\"wp-caption alignnone\"><img loading=\"lazy\" decoding=\"async\" class=\"wp-image-762 size-medium\" src=\"https:\/\/altovoltajeradio.com\/es\/wp-content\/uploads\/2024\/06\/BORRADOR-1-C-300x213.jpeg\" alt=\"\" width=\"300\" height=\"213\" srcset=\"https:\/\/altovoltajeradio.com\/es\/wp-content\/uploads\/2024\/06\/BORRADOR-1-C-300x213.jpeg 300w, https:\/\/altovoltajeradio.com\/es\/wp-content\/uploads\/2024\/06\/BORRADOR-1-C-1024x726.jpeg 1024w, https:\/\/altovoltajeradio.com\/es\/wp-content\/uploads\/2024\/06\/BORRADOR-1-C-768x545.jpeg 768w, https:\/\/altovoltajeradio.com\/es\/wp-content\/uploads\/2024\/06\/BORRADOR-1-C-1536x1090.jpeg 1536w, https:\/\/altovoltajeradio.com\/es\/wp-content\/uploads\/2024\/06\/BORRADOR-1-C-255x180.jpeg 255w, https:\/\/altovoltajeradio.com\/es\/wp-content\/uploads\/2024\/06\/BORRADOR-1-C-350x247.jpeg 350w, https:\/\/altovoltajeradio.com\/es\/wp-content\/uploads\/2024\/06\/BORRADOR-1-C-635x450.jpeg 635w, https:\/\/altovoltajeradio.com\/es\/wp-content\/uploads\/2024\/06\/BORRADOR-1-C-290x205.jpeg 290w, https:\/\/altovoltajeradio.com\/es\/wp-content\/uploads\/2024\/06\/BORRADOR-1-C.jpeg 1748w\" sizes=\"auto, (max-width: 300px) 100vw, 300px\" \/><figcaption id=\"caption-attachment-762\" class=\"wp-caption-text\">\u00a0<\/figcaption><\/figure>\n<p>El Alcalde de Riosucio, Abel David Jaramillo Largo en compa\u00f1\u00eda de la Direcci\u00f3n Local de Salud del Municipio han hecho la declaratoria de Emergencia Sanitaria a ra\u00edz del brote de dengue que se registra en este Municipio; los sitios donde hay mayor n\u00famero de casos reportados son los barrios Ingrum\u00e1, el Reba\u00f1o, Salida al Oro, Los Aguacates, Plaza de San Sebasti\u00e1n y en el centro poblado de San Lorenzo.<br \/>\nEsta es una enfermedad transmitida por vectores, por tal motivo se va a hacer una intervenci\u00f3n qu\u00edmica, debemos estar muy atentos a las recomendaciones que realicen los profesionales al respecto; la administraci\u00f3n en pleno est\u00e1 alerta y presta a buscar prontas soluciones, invitamos a la ciudadan\u00eda para que entre todos combatamos la proliferaci\u00f3n del mosquito que causa esta enfermedad y que en caso de tener s\u00edntomas acudamos a los entes m\u00e9dicos para que nos puedan brindar el tratamiento adecuado<\/p>\n<p>RECOMENDACIONES QUE ENTREGAN LAS AUTORIDADES EN EL DEPARTAMENTO:<\/p>\n<p>Se destaca la importancia de la prevenci\u00f3n desde el hogar, haciendo hincapi\u00e9 en que <strong>las aguas estancadas limpias son los criaderos principales del mosquito transmisor del dengue<\/strong>. \u00abDesde nuestros hogares, y mediante la educaci\u00f3n que impartimos a nuestros hijos y a la comunidad en general, podemos evitar la propagaci\u00f3n de esta enfermedad\u00bb, subray\u00f3.<\/p>\n<p>La DTSC ha venido haciendo el llamado a la poblaci\u00f3n para evitar la proliferaci\u00f3n de criaderos de mosquitos en su entorno, ya que esto podr\u00eda aumentar el riesgo de contagio. Se insta a la colaboraci\u00f3n activa de todos para mantener un entorno saludable y prevenir la propagaci\u00f3n.<\/p>\n","protected":false},"excerpt":{"rendered":"<p>El Alcalde de Riosucio, Abel David Jaramillo Largo en compa\u00f1\u00eda [&hellip;]<\/p>\n","protected":false},"author":2,"featured_media":0,"comment_status":"open","ping_status":"open","sticky":false,"template":"","format":"standard","meta":{"footnotes":""},"categories":[5],"tags":[52,59,35,20,57,58],"class_list":["post-761","post","type-post","status-publish","format-standard","hentry","category-salud","tag-alcaldia-riosucio-caldas","tag-direccion-territorial-de-salud-de-caldas","tag-gobierno-de-caldas","tag-riosucio","tag-riosucio-caldas","tag-secretaria-de-salud"],"_links":{"self":[{"href":"https:\/\/altovoltajeradio.com\/es\/wp-json\/wp\/v2\/posts\/761","targetHints":{"allow":["GET"]}}],"collection":[{"href":"https:\/\/altovoltajeradio.com\/es\/wp-json\/wp\/v2\/posts"}],"about":[{"href":"https:\/\/altovoltajeradio.com\/es\/wp-json\/wp\/v2\/types\/post"}],"author":[{"embeddable":true,"href":"https:\/\/altovoltajeradio.com\/es\/wp-json\/wp\/v2\/users\/2"}],"replies":[{"embeddable":true,"href":"https:\/\/altovoltajeradio.com\/es\/wp-json\/wp\/v2\/comments?post=761"}],"version-history":[{"count":2,"href":"https:\/\/altovoltajeradio.com\/es\/wp-json\/wp\/v2\/posts\/761\/revisions"}],"predecessor-version":[{"id":764,"href":"https:\/\/altovoltajeradio.com\/es\/wp-json\/wp\/v2\/posts\/761\/revisions\/764"}],"wp:attachment":[{"href":"https:\/\/altovoltajeradio.com\/es\/wp-json\/wp\/v2\/media?parent=761"}],"wp:term":[{"taxonomy":"category","embeddable":true,"href":"https:\/\/altovoltajeradio.com\/es\/wp-json\/wp\/v2\/categories?post=761"},{"taxonomy":"post_tag","embeddable":true,"href":"https:\/\/altovoltajeradio.com\/es\/wp-json\/wp\/v2\/tags?post=761"}],"curies":[{"name":"wp","href":"https:\/\/api.w.org\/{rel}","templated":true}]}}