{"id":771,"date":"2024-06-12T03:13:04","date_gmt":"2024-06-12T03:13:04","guid":{"rendered":"https:\/\/altovoltajeradio.com\/es\/?p=771"},"modified":"2024-06-12T03:13:04","modified_gmt":"2024-06-12T03:13:04","slug":"identificadas-las-victimas-del-tragico-accidente-en-el-sector-del-palo-la-noche-del-lunes-10-de-junio","status":"publish","type":"post","link":"https:\/\/altovoltajeradio.com\/es\/identificadas-las-victimas-del-tragico-accidente-en-el-sector-del-palo-la-noche-del-lunes-10-de-junio\/","title":{"rendered":"IDENTIFICADAS LAS VICTIMAS DEL TR\u00c1GICO ACCIDENTE EN EL SECTOR DEL PALO LA NOCHE DEL LUNES 10 DE JUNIO"},"content":{"rendered":"<p>Maria Fernanda Moreno Acevedo de 25 a\u00f1os de edad y Leonardo Gonz\u00e1les Ocampo de 25 a\u00f1os, naturales de Bello y Medellin respectivamente fueron las victimas faltales del accidente que se registr\u00f3 la noche del lunes 10 de junio en el sector El Palo jurisdicci\u00f3n de Riosucio. Ambos viajaban hacia Medellin, luego de que,\u00a0 seg\u00fan versiones preliminares la moto en la que viajaban se saliera de la calzada e impactaran con un objeto contundente lo cual les dej\u00f3 tendidos en el pavimento y sin signos vitales.<\/p>\n<p>Las autoridades hacen un llamado a todos los conductores que transitan por la v\u00eda Manizales-Medell\u00edn para que mantengan la precauci\u00f3n y respeten los l\u00edmites de velocidad, especialmente en sectores con alta incidencia de accidentes como el de El Palo.<\/p>\n<figure id=\"attachment_769\" aria-describedby=\"caption-attachment-769\" style=\"width: 300px\" class=\"wp-caption alignnone\"><img loading=\"lazy\" decoding=\"async\" class=\"size-medium wp-image-769\" src=\"https:\/\/altovoltajeradio.com\/es\/wp-content\/uploads\/2024\/06\/NOTICIAS-EMPOCALDAS-4-300x213.jpg\" alt=\"\" width=\"300\" height=\"213\" srcset=\"https:\/\/altovoltajeradio.com\/es\/wp-content\/uploads\/2024\/06\/NOTICIAS-EMPOCALDAS-4-300x213.jpg 300w, https:\/\/altovoltajeradio.com\/es\/wp-content\/uploads\/2024\/06\/NOTICIAS-EMPOCALDAS-4-1024x726.jpg 1024w, https:\/\/altovoltajeradio.com\/es\/wp-content\/uploads\/2024\/06\/NOTICIAS-EMPOCALDAS-4-768x545.jpg 768w, https:\/\/altovoltajeradio.com\/es\/wp-content\/uploads\/2024\/06\/NOTICIAS-EMPOCALDAS-4-1536x1090.jpg 1536w, https:\/\/altovoltajeradio.com\/es\/wp-content\/uploads\/2024\/06\/NOTICIAS-EMPOCALDAS-4-255x180.jpg 255w, https:\/\/altovoltajeradio.com\/es\/wp-content\/uploads\/2024\/06\/NOTICIAS-EMPOCALDAS-4-350x247.jpg 350w, https:\/\/altovoltajeradio.com\/es\/wp-content\/uploads\/2024\/06\/NOTICIAS-EMPOCALDAS-4-635x450.jpg 635w, https:\/\/altovoltajeradio.com\/es\/wp-content\/uploads\/2024\/06\/NOTICIAS-EMPOCALDAS-4-290x205.jpg 290w, https:\/\/altovoltajeradio.com\/es\/wp-content\/uploads\/2024\/06\/NOTICIAS-EMPOCALDAS-4.jpg 1748w\" sizes=\"auto, (max-width: 300px) 100vw, 300px\" \/><figcaption id=\"caption-attachment-769\" class=\"wp-caption-text\">Como Maria Fernanda Moreno Acevedo y Leonardo Gonz\u00e1les Ocampo fueron identificadas las victimas del accidente ocurrido la noche del lunes 10 de junio. El siniestro tuvo lugar en el sector del Palo jurisdicci\u00f3n de Riosucio<\/figcaption><\/figure>\n","protected":false},"excerpt":{"rendered":"<p>Maria Fernanda Moreno Acevedo de 25 a\u00f1os de edad y [&hellip;]<\/p>\n","protected":false},"author":2,"featured_media":0,"comment_status":"open","ping_status":"open","sticky":false,"template":"","format":"standard","meta":{"footnotes":""},"categories":[6],"tags":[52,60,28,56,34,57,21],"class_list":["post-771","post","type-post","status-publish","format-standard","hentry","category-sucesos","tag-alcaldia-riosucio-caldas","tag-la-felisa","tag-manizales","tag-medellin","tag-policia-caldas","tag-riosucio-caldas","tag-supia"],"_links":{"self":[{"href":"https:\/\/altovoltajeradio.com\/es\/wp-json\/wp\/v2\/posts\/771","targetHints":{"allow":["GET"]}}],"collection":[{"href":"https:\/\/altovoltajeradio.com\/es\/wp-json\/wp\/v2\/posts"}],"about":[{"href":"https:\/\/altovoltajeradio.com\/es\/wp-json\/wp\/v2\/types\/post"}],"author":[{"embeddable":true,"href":"https:\/\/altovoltajeradio.com\/es\/wp-json\/wp\/v2\/users\/2"}],"replies":[{"embeddable":true,"href":"https:\/\/altovoltajeradio.com\/es\/wp-json\/wp\/v2\/comments?post=771"}],"version-history":[{"count":1,"href":"https:\/\/altovoltajeradio.com\/es\/wp-json\/wp\/v2\/posts\/771\/revisions"}],"predecessor-version":[{"id":772,"href":"https:\/\/altovoltajeradio.com\/es\/wp-json\/wp\/v2\/posts\/771\/revisions\/772"}],"wp:attachment":[{"href":"https:\/\/altovoltajeradio.com\/es\/wp-json\/wp\/v2\/media?parent=771"}],"wp:term":[{"taxonomy":"category","embeddable":true,"href":"https:\/\/altovoltajeradio.com\/es\/wp-json\/wp\/v2\/categories?post=771"},{"taxonomy":"post_tag","embeddable":true,"href":"https:\/\/altovoltajeradio.com\/es\/wp-json\/wp\/v2\/tags?post=771"}],"curies":[{"name":"wp","href":"https:\/\/api.w.org\/{rel}","templated":true}]}}