{"id":776,"date":"2024-06-25T23:45:54","date_gmt":"2024-06-25T23:45:54","guid":{"rendered":"https:\/\/altovoltajeradio.com\/es\/?p=776"},"modified":"2024-06-25T23:45:54","modified_gmt":"2024-06-25T23:45:54","slug":"banda-sinfonica-nacional-llega-a-riosucio-con-su-musica","status":"publish","type":"post","link":"https:\/\/altovoltajeradio.com\/es\/banda-sinfonica-nacional-llega-a-riosucio-con-su-musica\/","title":{"rendered":"BANDA SINF\u00d3NICA NACIONAL LLEGA A RIOSUCIO CON SU M\u00daSICA"},"content":{"rendered":"<p>Gracias al proyecto que viene del programa sonidos para la construcci\u00f3n de paz del Gobierno Nacional liderado por el Ministerio de las cuturas, las artes y los saberes llega esta noche del martes 25 de junio al Templo de Nuestra de la Candelaria la Banda Sinf\u00f3nica Nacional como parte de la gira que adelantan en 12 Departamentos y 18 Municipios<\/p>\n<p>UN DATO CLAVE: Luego de 22 a\u00f1os los colombianos vuelven a escuchar la Banda Sinf\u00f3nica Nacional, la \u00faltima vez fue en 2012<\/p>\n<figure id=\"attachment_777\" aria-describedby=\"caption-attachment-777\" style=\"width: 300px\" class=\"wp-caption alignnone\"><img loading=\"lazy\" decoding=\"async\" class=\"size-medium wp-image-777\" src=\"https:\/\/altovoltajeradio.com\/es\/wp-content\/uploads\/2024\/06\/NOTICIAS-EMPOCALDAS-5-300x213.jpg\" alt=\"\" width=\"300\" height=\"213\" srcset=\"https:\/\/altovoltajeradio.com\/es\/wp-content\/uploads\/2024\/06\/NOTICIAS-EMPOCALDAS-5-300x213.jpg 300w, https:\/\/altovoltajeradio.com\/es\/wp-content\/uploads\/2024\/06\/NOTICIAS-EMPOCALDAS-5-1024x726.jpg 1024w, https:\/\/altovoltajeradio.com\/es\/wp-content\/uploads\/2024\/06\/NOTICIAS-EMPOCALDAS-5-768x545.jpg 768w, https:\/\/altovoltajeradio.com\/es\/wp-content\/uploads\/2024\/06\/NOTICIAS-EMPOCALDAS-5-1536x1090.jpg 1536w, https:\/\/altovoltajeradio.com\/es\/wp-content\/uploads\/2024\/06\/NOTICIAS-EMPOCALDAS-5-255x180.jpg 255w, https:\/\/altovoltajeradio.com\/es\/wp-content\/uploads\/2024\/06\/NOTICIAS-EMPOCALDAS-5-350x247.jpg 350w, https:\/\/altovoltajeradio.com\/es\/wp-content\/uploads\/2024\/06\/NOTICIAS-EMPOCALDAS-5-635x450.jpg 635w, https:\/\/altovoltajeradio.com\/es\/wp-content\/uploads\/2024\/06\/NOTICIAS-EMPOCALDAS-5-290x205.jpg 290w, https:\/\/altovoltajeradio.com\/es\/wp-content\/uploads\/2024\/06\/NOTICIAS-EMPOCALDAS-5.jpg 1748w\" sizes=\"auto, (max-width: 300px) 100vw, 300px\" \/><figcaption id=\"caption-attachment-777\" class=\"wp-caption-text\">Gracias al proyecto que viene del Programa sonidos para la construcci\u00f3n de paz<\/figcaption><\/figure>\n","protected":false},"excerpt":{"rendered":"<p>Gracias al proyecto que viene del programa sonidos para la [&hellip;]<\/p>\n","protected":false},"author":2,"featured_media":0,"comment_status":"open","ping_status":"open","sticky":false,"template":"","format":"standard","meta":{"footnotes":""},"categories":[11],"tags":[52,61,35,20,57,29,45],"class_list":["post-776","post","type-post","status-publish","format-standard","hentry","category-cultura","tag-alcaldia-riosucio-caldas","tag-banda-sinfonica-nacional-de-colombia","tag-gobierno-de-caldas","tag-riosucio","tag-riosucio-caldas","tag-secretaria-de-cultura","tag-secretaria-de-educacion"],"_links":{"self":[{"href":"https:\/\/altovoltajeradio.com\/es\/wp-json\/wp\/v2\/posts\/776","targetHints":{"allow":["GET"]}}],"collection":[{"href":"https:\/\/altovoltajeradio.com\/es\/wp-json\/wp\/v2\/posts"}],"about":[{"href":"https:\/\/altovoltajeradio.com\/es\/wp-json\/wp\/v2\/types\/post"}],"author":[{"embeddable":true,"href":"https:\/\/altovoltajeradio.com\/es\/wp-json\/wp\/v2\/users\/2"}],"replies":[{"embeddable":true,"href":"https:\/\/altovoltajeradio.com\/es\/wp-json\/wp\/v2\/comments?post=776"}],"version-history":[{"count":1,"href":"https:\/\/altovoltajeradio.com\/es\/wp-json\/wp\/v2\/posts\/776\/revisions"}],"predecessor-version":[{"id":778,"href":"https:\/\/altovoltajeradio.com\/es\/wp-json\/wp\/v2\/posts\/776\/revisions\/778"}],"wp:attachment":[{"href":"https:\/\/altovoltajeradio.com\/es\/wp-json\/wp\/v2\/media?parent=776"}],"wp:term":[{"taxonomy":"category","embeddable":true,"href":"https:\/\/altovoltajeradio.com\/es\/wp-json\/wp\/v2\/categories?post=776"},{"taxonomy":"post_tag","embeddable":true,"href":"https:\/\/altovoltajeradio.com\/es\/wp-json\/wp\/v2\/tags?post=776"}],"curies":[{"name":"wp","href":"https:\/\/api.w.org\/{rel}","templated":true}]}}