{"id":783,"date":"2024-06-28T15:32:38","date_gmt":"2024-06-28T15:32:38","guid":{"rendered":"https:\/\/altovoltajeradio.com\/es\/?p=783"},"modified":"2024-06-28T15:32:38","modified_gmt":"2024-06-28T15:32:38","slug":"puebliando-por-caldas-en-las-fiestas-tradicionales","status":"publish","type":"post","link":"https:\/\/altovoltajeradio.com\/es\/puebliando-por-caldas-en-las-fiestas-tradicionales\/","title":{"rendered":"Puebliando por Caldas en las fiestas tradicionales"},"content":{"rendered":"<blockquote><p><img loading=\"lazy\" decoding=\"async\" class=\"alignnone size-medium wp-image-782 alignleft\" src=\"https:\/\/altovoltajeradio.com\/es\/wp-content\/uploads\/2024\/06\/NOTICIAS-EMPOCALDAS-6-300x240.jpg\" alt=\"\" width=\"300\" height=\"240\" srcset=\"https:\/\/altovoltajeradio.com\/es\/wp-content\/uploads\/2024\/06\/NOTICIAS-EMPOCALDAS-6-300x240.jpg 300w, https:\/\/altovoltajeradio.com\/es\/wp-content\/uploads\/2024\/06\/NOTICIAS-EMPOCALDAS-6-1024x819.jpg 1024w, https:\/\/altovoltajeradio.com\/es\/wp-content\/uploads\/2024\/06\/NOTICIAS-EMPOCALDAS-6-768x614.jpg 768w, https:\/\/altovoltajeradio.com\/es\/wp-content\/uploads\/2024\/06\/NOTICIAS-EMPOCALDAS-6-1536x1229.jpg 1536w, https:\/\/altovoltajeradio.com\/es\/wp-content\/uploads\/2024\/06\/NOTICIAS-EMPOCALDAS-6-635x508.jpg 635w, https:\/\/altovoltajeradio.com\/es\/wp-content\/uploads\/2024\/06\/NOTICIAS-EMPOCALDAS-6-130x105.jpg 130w, https:\/\/altovoltajeradio.com\/es\/wp-content\/uploads\/2024\/06\/NOTICIAS-EMPOCALDAS-6.jpg 2000w\" sizes=\"auto, (max-width: 300px) 100vw, 300px\" \/><img loading=\"lazy\" decoding=\"async\" class=\"alignnone size-medium wp-image-781\" src=\"https:\/\/altovoltajeradio.com\/es\/wp-content\/uploads\/2024\/06\/logo-empocaldas-300x111.png\" alt=\"\" width=\"300\" height=\"111\" srcset=\"https:\/\/altovoltajeradio.com\/es\/wp-content\/uploads\/2024\/06\/logo-empocaldas-300x111.png 300w, https:\/\/altovoltajeradio.com\/es\/wp-content\/uploads\/2024\/06\/logo-empocaldas-768x285.png 768w, https:\/\/altovoltajeradio.com\/es\/wp-content\/uploads\/2024\/06\/logo-empocaldas-635x235.png 635w, https:\/\/altovoltajeradio.com\/es\/wp-content\/uploads\/2024\/06\/logo-empocaldas.png 960w\" sizes=\"auto, (max-width: 300px) 100vw, 300px\" \/><\/p>\n<p>Son varios los Municipios de Caldas que estar\u00e1n de fiesta durante este puente festivo, algunos de ellos son: Sup\u00eda con la Feria de la Colaci\u00f3n y en la cual se realizar\u00e1 este viernes 28 de junio el homenaje al Matachin y se llevar\u00e1 a cabo el acto de coronaci\u00f3n de la Reina de la Colaci\u00f3n. La programaci\u00f3n incluye otras actividades culturales, deportivas, art\u00edsticas, desfiles, entrada de colonias\u00a0 y caravanas y las infaltables verbenas populares. En Villamar\u00eda tambi\u00e9n se estar\u00e1n celebrando sus tradicionales ferias de la Horticultura y su afamado reinado, a prop\u00f3sito, las candidatas se desplazaron hasta el Municipio de Neira para invitar desde all\u00ed a los caldenses a participar de esta celebraci\u00f3n. Otro Municipio que se prepara para vivir lo mejor de los caballos; s\u00e1bado competencia paso fino, mulares y asnales y galope y campeonatos del d\u00eda y el domingo Trocha y galope y campeonatos del d\u00eda. En Victoria se llevar\u00e1n a cabo las Fiestas del Sam\u00e1n y el Ecoturismo con una variada programaci\u00f3n con artistas invitados entre los que se destacan Artistas invitados: Paola Jara, Dueto Buritic\u00e1, Los Chiches del Vallenato, La Real Banda, Octavio Ot\u00e1lvaro y Fernando Gonz\u00e1lez y el Combo que Nota. Por \u00faltimo, en San Bartolom\u00e9 P\u00e1cora tambi\u00e9n la fiesta es en torno al Encuentro de Colonias Velada cultural y elecci\u00f3n de madrina de San Bartolom\u00e9<\/p><\/blockquote>\n","protected":false},"excerpt":{"rendered":"<p>Son varios los Municipios de Caldas que estar\u00e1n de fiesta [&hellip;]<\/p>\n","protected":false},"author":2,"featured_media":0,"comment_status":"open","ping_status":"open","sticky":false,"template":"","format":"standard","meta":{"footnotes":""},"categories":[11],"tags":[35,65,62,29,21,64,63],"class_list":["post-783","post","type-post","status-publish","format-standard","hentry","category-cultura","tag-gobierno-de-caldas","tag-salamina-caldas","tag-san-bartolome","tag-secretaria-de-cultura","tag-supia","tag-victoria-caldas","tag-villamaria-caldas"],"_links":{"self":[{"href":"https:\/\/altovoltajeradio.com\/es\/wp-json\/wp\/v2\/posts\/783","targetHints":{"allow":["GET"]}}],"collection":[{"href":"https:\/\/altovoltajeradio.com\/es\/wp-json\/wp\/v2\/posts"}],"about":[{"href":"https:\/\/altovoltajeradio.com\/es\/wp-json\/wp\/v2\/types\/post"}],"author":[{"embeddable":true,"href":"https:\/\/altovoltajeradio.com\/es\/wp-json\/wp\/v2\/users\/2"}],"replies":[{"embeddable":true,"href":"https:\/\/altovoltajeradio.com\/es\/wp-json\/wp\/v2\/comments?post=783"}],"version-history":[{"count":1,"href":"https:\/\/altovoltajeradio.com\/es\/wp-json\/wp\/v2\/posts\/783\/revisions"}],"predecessor-version":[{"id":785,"href":"https:\/\/altovoltajeradio.com\/es\/wp-json\/wp\/v2\/posts\/783\/revisions\/785"}],"wp:attachment":[{"href":"https:\/\/altovoltajeradio.com\/es\/wp-json\/wp\/v2\/media?parent=783"}],"wp:term":[{"taxonomy":"category","embeddable":true,"href":"https:\/\/altovoltajeradio.com\/es\/wp-json\/wp\/v2\/categories?post=783"},{"taxonomy":"post_tag","embeddable":true,"href":"https:\/\/altovoltajeradio.com\/es\/wp-json\/wp\/v2\/tags?post=783"}],"curies":[{"name":"wp","href":"https:\/\/api.w.org\/{rel}","templated":true}]}}