{"id":818,"date":"2024-08-02T04:14:45","date_gmt":"2024-08-02T04:14:45","guid":{"rendered":"https:\/\/altovoltajeradio.com\/es\/?p=818"},"modified":"2024-08-02T04:14:45","modified_gmt":"2024-08-02T04:14:45","slug":"luto-en-las-familias-bandisticas-de-caldas-por-el-fallecimiento-de-hector-idarraga","status":"publish","type":"post","link":"https:\/\/altovoltajeradio.com\/es\/luto-en-las-familias-bandisticas-de-caldas-por-el-fallecimiento-de-hector-idarraga\/","title":{"rendered":"Luto en las familias band\u00edsticas de Caldas por el fallecimiento de H\u00e9ctor Id\u00e1rraga"},"content":{"rendered":"<figure id=\"attachment_819\" aria-describedby=\"caption-attachment-819\" style=\"width: 300px\" class=\"wp-caption alignnone\"><img loading=\"lazy\" decoding=\"async\" class=\"size-medium wp-image-819\" src=\"https:\/\/altovoltajeradio.com\/es\/wp-content\/uploads\/2024\/08\/NOTICIAS-GAMMA-300x213.jpg\" alt=\"\" width=\"300\" height=\"213\" srcset=\"https:\/\/altovoltajeradio.com\/es\/wp-content\/uploads\/2024\/08\/NOTICIAS-GAMMA-300x213.jpg 300w, https:\/\/altovoltajeradio.com\/es\/wp-content\/uploads\/2024\/08\/NOTICIAS-GAMMA-1024x726.jpg 1024w, https:\/\/altovoltajeradio.com\/es\/wp-content\/uploads\/2024\/08\/NOTICIAS-GAMMA-768x545.jpg 768w, https:\/\/altovoltajeradio.com\/es\/wp-content\/uploads\/2024\/08\/NOTICIAS-GAMMA-1536x1090.jpg 1536w, https:\/\/altovoltajeradio.com\/es\/wp-content\/uploads\/2024\/08\/NOTICIAS-GAMMA-255x180.jpg 255w, https:\/\/altovoltajeradio.com\/es\/wp-content\/uploads\/2024\/08\/NOTICIAS-GAMMA-350x247.jpg 350w, https:\/\/altovoltajeradio.com\/es\/wp-content\/uploads\/2024\/08\/NOTICIAS-GAMMA-635x450.jpg 635w, https:\/\/altovoltajeradio.com\/es\/wp-content\/uploads\/2024\/08\/NOTICIAS-GAMMA-290x205.jpg 290w, https:\/\/altovoltajeradio.com\/es\/wp-content\/uploads\/2024\/08\/NOTICIAS-GAMMA.jpg 1748w\" sizes=\"auto, (max-width: 300px) 100vw, 300px\" \/><figcaption id=\"caption-attachment-819\" class=\"wp-caption-text\">Falleci\u00f3 el Neirano H\u00e9ctor Id\u00e1rraga fundador de la Organizaci\u00f3n sin \u00c1nimo de Lucro Hope.<\/figcaption><\/figure>\n<p>La familia band\u00edstica de Caldas ha manifestado la tristeza por el fallecimiento de H\u00e9ctor Id\u00e1rraga quien fuera el fundador de la Organizaci\u00f3n sin \u00c1nimo de Lucro Fundaci\u00f3n Hope dedicada a la donaci\u00f3n de instrumentos de viento para las Bandas estudiantiles de m\u00fasica de Colombia. A trav\u00e9s de esta Fundaci\u00f3n y gracias a la gesti\u00f3n realizada por el Neirano H\u00e9ctor Id\u00e1rraga alcanz\u00f3 a entregar cerca de 7 mil instrumentos tra\u00eddos desde los Estados Unidos en 20 a\u00f1os de labor social bajo el lema \u00abUn ni\u00f1o que abrace un instrumento nunca empu\u00f1ar\u00e1 un arma\u00bb. Esta Fundaci\u00f3n nace gracias al legado que dejaron a sus hijos los esposos Don Jos\u00e9 Roberto Id\u00e1rraga y Do\u00f1a Julia Betancur convirti\u00e9ndose as\u00ed en una huella imborrable en la cultura y el coraz\u00f3n de los miembros de las Bandas estudiantiles.<\/p>\n<p>UN DATO PARA TENER EN CUENTA: Hace unas dos d\u00e9cadas H\u00e9ctor Id\u00e1rraga se conmovi\u00f3 con la Banda del Resguardo ind\u00edgena de San Lorenzo por su limitaci\u00f3n en cuanto a instrumentos musicales lo que lo llev\u00f3 a donar 12 instrumentos permitiendo as\u00ed la creaci\u00f3n de esta Banda estudiantil de m\u00fasica y es precisamente en ese momento que registran la Fundaci\u00f3n en la C\u00e1mara de Comercio.<\/p>\n<p>H\u00e9ctor Fabio Id\u00e1rraga falleci\u00f3 en Houston (Estados Unidos) luego de luchar contra una penosa enfermedad. Paz en su tumba<\/p>\n","protected":false},"excerpt":{"rendered":"<p>La familia band\u00edstica de Caldas ha manifestado la tristeza por [&hellip;]<\/p>\n","protected":false},"author":2,"featured_media":819,"comment_status":"open","ping_status":"open","sticky":false,"template":"","format":"standard","meta":{"footnotes":""},"categories":[10],"tags":[74,41,52,73,61,40,35,76,75,29,45],"class_list":["post-818","post","type-post","status-publish","format-standard","has-post-thumbnail","hentry","category-obituario","tag-alcaldia-anserma","tag-alcaldia-manizales","tag-alcaldia-riosucio-caldas","tag-alcaldia-supia","tag-banda-sinfonica-nacional-de-colombia","tag-empocaldas","tag-gobierno-de-caldas","tag-inculri","tag-normal-sagrado-corazon-riosucio","tag-secretaria-de-cultura","tag-secretaria-de-educacion"],"_links":{"self":[{"href":"https:\/\/altovoltajeradio.com\/es\/wp-json\/wp\/v2\/posts\/818","targetHints":{"allow":["GET"]}}],"collection":[{"href":"https:\/\/altovoltajeradio.com\/es\/wp-json\/wp\/v2\/posts"}],"about":[{"href":"https:\/\/altovoltajeradio.com\/es\/wp-json\/wp\/v2\/types\/post"}],"author":[{"embeddable":true,"href":"https:\/\/altovoltajeradio.com\/es\/wp-json\/wp\/v2\/users\/2"}],"replies":[{"embeddable":true,"href":"https:\/\/altovoltajeradio.com\/es\/wp-json\/wp\/v2\/comments?post=818"}],"version-history":[{"count":1,"href":"https:\/\/altovoltajeradio.com\/es\/wp-json\/wp\/v2\/posts\/818\/revisions"}],"predecessor-version":[{"id":820,"href":"https:\/\/altovoltajeradio.com\/es\/wp-json\/wp\/v2\/posts\/818\/revisions\/820"}],"wp:featuredmedia":[{"embeddable":true,"href":"https:\/\/altovoltajeradio.com\/es\/wp-json\/wp\/v2\/media\/819"}],"wp:attachment":[{"href":"https:\/\/altovoltajeradio.com\/es\/wp-json\/wp\/v2\/media?parent=818"}],"wp:term":[{"taxonomy":"category","embeddable":true,"href":"https:\/\/altovoltajeradio.com\/es\/wp-json\/wp\/v2\/categories?post=818"},{"taxonomy":"post_tag","embeddable":true,"href":"https:\/\/altovoltajeradio.com\/es\/wp-json\/wp\/v2\/tags?post=818"}],"curies":[{"name":"wp","href":"https:\/\/api.w.org\/{rel}","templated":true}]}}