{"id":821,"date":"2024-08-06T00:09:26","date_gmt":"2024-08-06T00:09:26","guid":{"rendered":"https:\/\/altovoltajeradio.com\/es\/?p=821"},"modified":"2024-08-06T00:09:26","modified_gmt":"2024-08-06T00:09:26","slug":"ladrones-azotan-a-habitantes-de-la-calle-11","status":"publish","type":"post","link":"https:\/\/altovoltajeradio.com\/es\/ladrones-azotan-a-habitantes-de-la-calle-11\/","title":{"rendered":"Ladrones azotan a habitantes de la Calle 11"},"content":{"rendered":"<figure id=\"attachment_822\" aria-describedby=\"caption-attachment-822\" style=\"width: 300px\" class=\"wp-caption alignnone\"><img loading=\"lazy\" decoding=\"async\" class=\"size-medium wp-image-822\" src=\"https:\/\/altovoltajeradio.com\/es\/wp-content\/uploads\/2024\/08\/BORRADOR-1-F-300x213.png\" alt=\"\" width=\"300\" height=\"213\" srcset=\"https:\/\/altovoltajeradio.com\/es\/wp-content\/uploads\/2024\/08\/BORRADOR-1-F-300x213.png 300w, https:\/\/altovoltajeradio.com\/es\/wp-content\/uploads\/2024\/08\/BORRADOR-1-F-1024x726.png 1024w, https:\/\/altovoltajeradio.com\/es\/wp-content\/uploads\/2024\/08\/BORRADOR-1-F-768x545.png 768w, https:\/\/altovoltajeradio.com\/es\/wp-content\/uploads\/2024\/08\/BORRADOR-1-F-1536x1090.png 1536w, https:\/\/altovoltajeradio.com\/es\/wp-content\/uploads\/2024\/08\/BORRADOR-1-F-255x180.png 255w, https:\/\/altovoltajeradio.com\/es\/wp-content\/uploads\/2024\/08\/BORRADOR-1-F-350x247.png 350w, https:\/\/altovoltajeradio.com\/es\/wp-content\/uploads\/2024\/08\/BORRADOR-1-F-635x450.png 635w, https:\/\/altovoltajeradio.com\/es\/wp-content\/uploads\/2024\/08\/BORRADOR-1-F-290x205.png 290w, https:\/\/altovoltajeradio.com\/es\/wp-content\/uploads\/2024\/08\/BORRADOR-1-F.png 1748w\" sizes=\"auto, (max-width: 300px) 100vw, 300px\" \/><figcaption id=\"caption-attachment-822\" class=\"wp-caption-text\">La calle 11 se ha convertido en blanco de la inseguridad\u00a0<\/figcaption><\/figure>\n<p>En menos de 1 mes se han registrado 2 robos en la calle 11 entre carreras 6 y 7 la cual se ha convertido en blanco de la inseguridad lo cual tiene muy preocupado a residentes y comerciantes.\u00a0 En consecuencia, los vecinos de este c\u00e9ntrico sector han mostrado su preocupaci\u00f3n y no es para menos, primero se registr\u00f3 un robo en una vivienda con considerables perdidas y casi 3 semanas despu\u00e9s a pocos metros se metieron por el techo de un establecimiento comercial y sustrajeron mercanc\u00eda y dinero en efectivo seg\u00fan una fuente consultada por Alto Voltaje Radio.<\/p>\n<p>El m\u00e1s reciente caso se registr\u00f3 a la media noche de ayer domingo 4 de agosto el cual es investigado por las autoridades competentes.<\/p>\n<p>En ambos casos los delincuentes atracan generando da\u00f1o en techos, paredes y chapas para penetrar en estos sitios.<\/p>\n","protected":false},"excerpt":{"rendered":"<p>En menos de 1 mes se han registrado 2 robos [&hellip;]<\/p>\n","protected":false},"author":2,"featured_media":0,"comment_status":"open","ping_status":"open","sticky":false,"template":"","format":"standard","meta":{"footnotes":""},"categories":[6],"tags":[52,35,34,57],"class_list":["post-821","post","type-post","status-publish","format-standard","hentry","category-sucesos","tag-alcaldia-riosucio-caldas","tag-gobierno-de-caldas","tag-policia-caldas","tag-riosucio-caldas"],"_links":{"self":[{"href":"https:\/\/altovoltajeradio.com\/es\/wp-json\/wp\/v2\/posts\/821","targetHints":{"allow":["GET"]}}],"collection":[{"href":"https:\/\/altovoltajeradio.com\/es\/wp-json\/wp\/v2\/posts"}],"about":[{"href":"https:\/\/altovoltajeradio.com\/es\/wp-json\/wp\/v2\/types\/post"}],"author":[{"embeddable":true,"href":"https:\/\/altovoltajeradio.com\/es\/wp-json\/wp\/v2\/users\/2"}],"replies":[{"embeddable":true,"href":"https:\/\/altovoltajeradio.com\/es\/wp-json\/wp\/v2\/comments?post=821"}],"version-history":[{"count":1,"href":"https:\/\/altovoltajeradio.com\/es\/wp-json\/wp\/v2\/posts\/821\/revisions"}],"predecessor-version":[{"id":823,"href":"https:\/\/altovoltajeradio.com\/es\/wp-json\/wp\/v2\/posts\/821\/revisions\/823"}],"wp:attachment":[{"href":"https:\/\/altovoltajeradio.com\/es\/wp-json\/wp\/v2\/media?parent=821"}],"wp:term":[{"taxonomy":"category","embeddable":true,"href":"https:\/\/altovoltajeradio.com\/es\/wp-json\/wp\/v2\/categories?post=821"},{"taxonomy":"post_tag","embeddable":true,"href":"https:\/\/altovoltajeradio.com\/es\/wp-json\/wp\/v2\/tags?post=821"}],"curies":[{"name":"wp","href":"https:\/\/api.w.org\/{rel}","templated":true}]}}