{"id":838,"date":"2024-09-01T21:35:02","date_gmt":"2024-09-01T21:35:02","guid":{"rendered":"https:\/\/altovoltajeradio.com\/es\/?p=838"},"modified":"2024-09-01T21:35:13","modified_gmt":"2024-09-01T21:35:13","slug":"conmovedora-despedida-al-padre-querubin-albeiro-vinasco","status":"publish","type":"post","link":"https:\/\/altovoltajeradio.com\/es\/conmovedora-despedida-al-padre-querubin-albeiro-vinasco\/","title":{"rendered":"Conmovedora despedida al Padre Querub\u00edn Albeiro Vinasco"},"content":{"rendered":"<figure id=\"attachment_839\" aria-describedby=\"caption-attachment-839\" style=\"width: 300px\" class=\"wp-caption alignnone\"><img loading=\"lazy\" decoding=\"async\" class=\"size-medium wp-image-839\" src=\"https:\/\/altovoltajeradio.com\/es\/wp-content\/uploads\/2024\/09\/NOTICIAS-EMPOCALDAS-300x213.jpg\" alt=\"\" width=\"300\" height=\"213\" srcset=\"https:\/\/altovoltajeradio.com\/es\/wp-content\/uploads\/2024\/09\/NOTICIAS-EMPOCALDAS-300x213.jpg 300w, https:\/\/altovoltajeradio.com\/es\/wp-content\/uploads\/2024\/09\/NOTICIAS-EMPOCALDAS-1024x726.jpg 1024w, https:\/\/altovoltajeradio.com\/es\/wp-content\/uploads\/2024\/09\/NOTICIAS-EMPOCALDAS-768x545.jpg 768w, https:\/\/altovoltajeradio.com\/es\/wp-content\/uploads\/2024\/09\/NOTICIAS-EMPOCALDAS-1536x1090.jpg 1536w, https:\/\/altovoltajeradio.com\/es\/wp-content\/uploads\/2024\/09\/NOTICIAS-EMPOCALDAS-255x180.jpg 255w, https:\/\/altovoltajeradio.com\/es\/wp-content\/uploads\/2024\/09\/NOTICIAS-EMPOCALDAS-350x247.jpg 350w, https:\/\/altovoltajeradio.com\/es\/wp-content\/uploads\/2024\/09\/NOTICIAS-EMPOCALDAS-635x450.jpg 635w, https:\/\/altovoltajeradio.com\/es\/wp-content\/uploads\/2024\/09\/NOTICIAS-EMPOCALDAS-290x205.jpg 290w, https:\/\/altovoltajeradio.com\/es\/wp-content\/uploads\/2024\/09\/NOTICIAS-EMPOCALDAS.jpg 1748w\" sizes=\"auto, (max-width: 300px) 100vw, 300px\" \/><figcaption id=\"caption-attachment-839\" class=\"wp-caption-text\">\u00abYo no me voy a morir, ac\u00e1 queda mi familia y les seguir\u00e9 acompa\u00f1ando\u00bb, dijo a los fieles desde el P\u00falpito. En la misa dominical de las 12 del d\u00eda se ofreci\u00f3 en acci\u00f3n de gracias por la labor pastoral del Presb\u00edtero, Querub\u00edn Albeiro Vinasco Trejos quien hoy se despide de los feligreses de la Parroquia de San Sebasti\u00e1n tras haber sido nombrado como P\u00e1rroco en el Templo San Antonio Mar\u00eda Claret del Corregimiento Villa Claret de Pueblo Rico, Risaralda por parte del Obispo de la Diosesis de Pereira , Monse\u00f1or Rigoberto Corredor Berm\u00fadez. Con lagrimas en los ojos muchos de los fieles se acercaron para despedir al pastor de su Parroquia y al igual que el Presb\u00edtero, Ra\u00fal Castro Lema le desearon los mejores deseos y ofrecieron oraciones para que contin\u00fae con el legado pastoral. Se destac\u00f3 en esta Parroquia por su entrega y dedicaci\u00f3n especialmente a las peque\u00f1as comunidades de la Nueva Evangelizaci\u00f3n. El padre Querub\u00edn Albeiro estuvo acompa\u00f1ado tambi\u00e9n de todos los pobladores de la vereda Las Estancias de donde es oriundo.<\/figcaption><\/figure>\n","protected":false},"excerpt":{"rendered":"","protected":false},"author":2,"featured_media":0,"comment_status":"open","ping_status":"open","sticky":false,"template":"","format":"standard","meta":{"footnotes":""},"categories":[16],"tags":[52,77,78,79,80,57],"class_list":["post-838","post","type-post","status-publish","format-standard","hentry","category-catolicas","tag-alcaldia-riosucio-caldas","tag-catolica","tag-diocesis-de-pereira","tag-parroquia-san-sebastian","tag-pueblo-rico-risaralda","tag-riosucio-caldas"],"_links":{"self":[{"href":"https:\/\/altovoltajeradio.com\/es\/wp-json\/wp\/v2\/posts\/838","targetHints":{"allow":["GET"]}}],"collection":[{"href":"https:\/\/altovoltajeradio.com\/es\/wp-json\/wp\/v2\/posts"}],"about":[{"href":"https:\/\/altovoltajeradio.com\/es\/wp-json\/wp\/v2\/types\/post"}],"author":[{"embeddable":true,"href":"https:\/\/altovoltajeradio.com\/es\/wp-json\/wp\/v2\/users\/2"}],"replies":[{"embeddable":true,"href":"https:\/\/altovoltajeradio.com\/es\/wp-json\/wp\/v2\/comments?post=838"}],"version-history":[{"count":2,"href":"https:\/\/altovoltajeradio.com\/es\/wp-json\/wp\/v2\/posts\/838\/revisions"}],"predecessor-version":[{"id":841,"href":"https:\/\/altovoltajeradio.com\/es\/wp-json\/wp\/v2\/posts\/838\/revisions\/841"}],"wp:attachment":[{"href":"https:\/\/altovoltajeradio.com\/es\/wp-json\/wp\/v2\/media?parent=838"}],"wp:term":[{"taxonomy":"category","embeddable":true,"href":"https:\/\/altovoltajeradio.com\/es\/wp-json\/wp\/v2\/categories?post=838"},{"taxonomy":"post_tag","embeddable":true,"href":"https:\/\/altovoltajeradio.com\/es\/wp-json\/wp\/v2\/tags?post=838"}],"curies":[{"name":"wp","href":"https:\/\/api.w.org\/{rel}","templated":true}]}}