{"id":857,"date":"2024-09-17T02:14:06","date_gmt":"2024-09-17T02:14:06","guid":{"rendered":"https:\/\/altovoltajeradio.com\/es\/?p=857"},"modified":"2024-09-17T02:14:06","modified_gmt":"2024-09-17T02:14:06","slug":"el-padre-dario-valencia-uribe-fue-muerto-segun-fuentes-oficiales","status":"publish","type":"post","link":"https:\/\/altovoltajeradio.com\/es\/el-padre-dario-valencia-uribe-fue-muerto-segun-fuentes-oficiales\/","title":{"rendered":"EL PADRE DAR\u00cdO VALENCIA URIBE FUE MUERTO SEG\u00daN FUENTES OFICIALES"},"content":{"rendered":"<figure id=\"attachment_858\" aria-describedby=\"caption-attachment-858\" style=\"width: 300px\" class=\"wp-caption alignnone\"><img loading=\"lazy\" decoding=\"async\" class=\"size-medium wp-image-858\" src=\"https:\/\/altovoltajeradio.com\/es\/wp-content\/uploads\/2024\/09\/BORRADOR-1-A-1-300x213.jpeg\" alt=\"\" width=\"300\" height=\"213\" srcset=\"https:\/\/altovoltajeradio.com\/es\/wp-content\/uploads\/2024\/09\/BORRADOR-1-A-1-300x213.jpeg 300w, https:\/\/altovoltajeradio.com\/es\/wp-content\/uploads\/2024\/09\/BORRADOR-1-A-1-1024x726.jpeg 1024w, https:\/\/altovoltajeradio.com\/es\/wp-content\/uploads\/2024\/09\/BORRADOR-1-A-1-768x545.jpeg 768w, https:\/\/altovoltajeradio.com\/es\/wp-content\/uploads\/2024\/09\/BORRADOR-1-A-1-1536x1090.jpeg 1536w, https:\/\/altovoltajeradio.com\/es\/wp-content\/uploads\/2024\/09\/BORRADOR-1-A-1-255x180.jpeg 255w, https:\/\/altovoltajeradio.com\/es\/wp-content\/uploads\/2024\/09\/BORRADOR-1-A-1-350x247.jpeg 350w, https:\/\/altovoltajeradio.com\/es\/wp-content\/uploads\/2024\/09\/BORRADOR-1-A-1-635x450.jpeg 635w, https:\/\/altovoltajeradio.com\/es\/wp-content\/uploads\/2024\/09\/BORRADOR-1-A-1-290x205.jpeg 290w, https:\/\/altovoltajeradio.com\/es\/wp-content\/uploads\/2024\/09\/BORRADOR-1-A-1.jpeg 1748w\" sizes=\"auto, (max-width: 300px) 100vw, 300px\" \/><figcaption id=\"caption-attachment-858\" class=\"wp-caption-text\">El sacerdote risaraldense, Dar\u00edo Valencia Uribe, p\u00e1rroco de la iglesia Mar\u00eda Auxiliadora, en Pereira, fue muerto por su captor y su cuerpo trasladado a un paraje entre La Virginia y Viterbo.\u00a0<\/figcaption><\/figure>\n<div class=\"x11i5rnm xat24cr x1mh8g0r x1vvkbs xtlvy1s x126k92a\">\n<div dir=\"auto\">El sacerdote risaraldense, Dar\u00edo Valencia Uribe, p\u00e1rroco de la iglesia Mar\u00eda Auxiliadora, en Pereira, fue muerto por su captor y su cuerpo trasladado a un paraje entre La Virginia y Viterbo.<\/div>\n<\/div>\n<div class=\"x11i5rnm xat24cr x1mh8g0r x1vvkbs xtlvy1s x126k92a\">\n<div dir=\"auto\">De acuerdo a fuentes oficiales de justicia aseguran que Juli\u00e1n Eduardo Cifuentes G\u00f3mez, de quien inicialmente se dud\u00f3 por la desaparici\u00f3n, (era el principal sospechoso, adem\u00e1s, por la forma abrupta como desapareci\u00f3 de la ciudad y enrut\u00f3 a Par\u00eds, Francia, lo que hizo presumir lo peor), se declar\u00f3 responsable del crimen a la comisi\u00f3n de la Fiscal\u00eda que viaj\u00f3 a Francia para investigar d\u00f3nde tienen detenido a Cifuentes.<\/div>\n<\/div>\n<div class=\"x11i5rnm xat24cr x1mh8g0r x1vvkbs xtlvy1s x126k92a\">\n<div dir=\"auto\">\u00c9ste de acuerdo con las pesquisas, hab\u00eda salido con Valencia Uribe, en una camioneta de su propiedad y que iba a ser vendida.<\/div>\n<\/div>\n<div class=\"x11i5rnm xat24cr x1mh8g0r x1vvkbs xtlvy1s x126k92a\">\n<div dir=\"auto\">Como se recuerda un grupo especializado de la Fiscal\u00eda, que viaj\u00f3 a Francia, logr\u00f3 encontrar piezas fundamentales que permitieron esclarecer el crimen.<\/div>\n<\/div>\n<div class=\"x11i5rnm xat24cr x1mh8g0r x1vvkbs xtlvy1s x126k92a\">\n<div dir=\"auto\">Se estableci\u00f3 de manera reciente que ese cuerpo de investigaci\u00f3n logr\u00f3 dar con las pistas acerca de los hechos de la muerte del p\u00e1rroco, que al parecer se produjo en zona residencial de la capital del Risaralda y luego trasladado a ese territorio lim\u00edtrofe entre Caldas y Risaralda.<\/div>\n<\/div>\n<div class=\"x11i5rnm xat24cr x1mh8g0r x1vvkbs xtlvy1s x126k92a\">\n<div dir=\"auto\">Se busca de manera especial en parajes rural entre dichas poblaciones, ubicadas entre La Virginia &#8211; Acapulco y Viterbo. En diversos sectores de la zona, unidades de inteligencia e investigaci\u00f3n adelantan numerosas pesquisas.<\/div>\n<\/div>\n<div class=\"x11i5rnm xat24cr x1mh8g0r x1vvkbs xtlvy1s x126k92a\">\n<div dir=\"auto\">Como se recuerda, el sacerdote, hab\u00eda desaparecido el pasado 25 de abril y el veh\u00edculo de su propiedad fue encontrado en Viterbo, Caldas.<\/div>\n<div dir=\"auto\">CON INFORMACI\u00d3N DE ENTERATE PEREIRA<\/div>\n<\/div>\n","protected":false},"excerpt":{"rendered":"<p>El sacerdote risaraldense, Dar\u00edo Valencia Uribe, p\u00e1rroco de la iglesia [&hellip;]<\/p>\n","protected":false},"author":2,"featured_media":0,"comment_status":"open","ping_status":"open","sticky":false,"template":"","format":"standard","meta":{"footnotes":""},"categories":[4],"tags":[74,52,73,22,47,20,57,21],"class_list":["post-857","post","type-post","status-publish","format-standard","hentry","category-extra","tag-alcaldia-anserma","tag-alcaldia-riosucio-caldas","tag-alcaldia-supia","tag-anserma","tag-pereira","tag-riosucio","tag-riosucio-caldas","tag-supia"],"_links":{"self":[{"href":"https:\/\/altovoltajeradio.com\/es\/wp-json\/wp\/v2\/posts\/857","targetHints":{"allow":["GET"]}}],"collection":[{"href":"https:\/\/altovoltajeradio.com\/es\/wp-json\/wp\/v2\/posts"}],"about":[{"href":"https:\/\/altovoltajeradio.com\/es\/wp-json\/wp\/v2\/types\/post"}],"author":[{"embeddable":true,"href":"https:\/\/altovoltajeradio.com\/es\/wp-json\/wp\/v2\/users\/2"}],"replies":[{"embeddable":true,"href":"https:\/\/altovoltajeradio.com\/es\/wp-json\/wp\/v2\/comments?post=857"}],"version-history":[{"count":1,"href":"https:\/\/altovoltajeradio.com\/es\/wp-json\/wp\/v2\/posts\/857\/revisions"}],"predecessor-version":[{"id":859,"href":"https:\/\/altovoltajeradio.com\/es\/wp-json\/wp\/v2\/posts\/857\/revisions\/859"}],"wp:attachment":[{"href":"https:\/\/altovoltajeradio.com\/es\/wp-json\/wp\/v2\/media?parent=857"}],"wp:term":[{"taxonomy":"category","embeddable":true,"href":"https:\/\/altovoltajeradio.com\/es\/wp-json\/wp\/v2\/categories?post=857"},{"taxonomy":"post_tag","embeddable":true,"href":"https:\/\/altovoltajeradio.com\/es\/wp-json\/wp\/v2\/tags?post=857"}],"curies":[{"name":"wp","href":"https:\/\/api.w.org\/{rel}","templated":true}]}}