{"id":86,"date":"2022-03-23T15:04:13","date_gmt":"2022-03-23T15:04:13","guid":{"rendered":"https:\/\/altovoltajeradio.com\/es\/?p=86"},"modified":"2022-03-23T15:04:13","modified_gmt":"2022-03-23T15:04:13","slug":"fuertes-lluvias-azotan-a-marmato","status":"publish","type":"post","link":"https:\/\/altovoltajeradio.com\/es\/fuertes-lluvias-azotan-a-marmato\/","title":{"rendered":"Fuertes lluvias azotan a Marmato"},"content":{"rendered":"\n<p>Las fuertes lluvias del fin de semana ayer dej\u00f3 como resultado el colapso del sistema vial y viviendas comprometidas y una persona fallecidas y otras m\u00e1s heridas. As\u00ed lo inform\u00f3 el Alcalde Municipal Carlos Yesid Castro Mar\u00edn quien desde el momento que se conoci\u00f3 de la tragedia se dispuso a hacer reconocimiento de est\u00e1 situaci\u00f3n. <\/p>\n\n\n\n<p>Del mismo modo las autoridades departamentales y los organismos de socorro de inmediato se desplazaron a la zona para atender la emergencia. <\/p>\n\n\n\n<p>El equipo t\u00e9cnico de la Secretar\u00eda de Medio Ambiente y la Secretar\u00eda de Infraestructura del Departamento se hicieron presentes con un equipo  conformado por ge\u00f3logos y la Jefatura de Gesti\u00f3n del Riesgo y maquinaria.<\/p>\n\n\n\n<p>Paola Andrea Loaiza Cruz, secretaria de Medio Ambiente de Caldas, indic\u00f3: \u201cNos encontramos realizando las visitas en articulaci\u00f3n con la Alcald\u00eda de Marmato para levantar el diagn\u00f3stico de las afectaciones que sufri\u00f3 este municipio&nbsp;y de esta manera, definir si es necesario reubicar o realizar evacuaciones preventivas de familias que se encuentran en la zona afectada\u201d.<\/p>\n\n\n\n<p>Por su parte, el secretario de Infraestructura Departamental, John Jairo G\u00f3mez Arias, sostuvo que la avalancha por incremento de las lluvias, sumada&nbsp;a la explotaci\u00f3n minera, gener\u00f3 colapso en la estructura del puente ubicado en La Ermita.<\/p>\n\n\n\n<p>All\u00ed, junto a la Secretar\u00eda de Planeaci\u00f3n Municipal se coordin\u00f3 el desplazamiento de un cargador y volqueta hacia el sector Picacho-Quebrada Cascabel (ingreso a la cabecera municipal). &nbsp;\u201cTenemos un plan de contingencia, ya hay personal t\u00e9cnico de la Gobernaci\u00f3n de Caldas revisando, porque adem\u00e1s est\u00e1 a punto de perderse la banca llegando a la quebrada Cascabel\u201d, inform\u00f3 G\u00f3mez Arias.<\/p>\n\n\n\n<figure class=\"wp-block-image size-large\"><img loading=\"lazy\" decoding=\"async\" width=\"1024\" height=\"576\" src=\"https:\/\/altovoltajeradio.com\/es\/wp-content\/uploads\/2022\/03\/borradores-4-5-1024x576.jpg\" alt=\"\" class=\"wp-image-87\" srcset=\"https:\/\/altovoltajeradio.com\/es\/wp-content\/uploads\/2022\/03\/borradores-4-5-1024x576.jpg 1024w, https:\/\/altovoltajeradio.com\/es\/wp-content\/uploads\/2022\/03\/borradores-4-5-300x169.jpg 300w, https:\/\/altovoltajeradio.com\/es\/wp-content\/uploads\/2022\/03\/borradores-4-5-768x432.jpg 768w, https:\/\/altovoltajeradio.com\/es\/wp-content\/uploads\/2022\/03\/borradores-4-5-1536x864.jpg 1536w, https:\/\/altovoltajeradio.com\/es\/wp-content\/uploads\/2022\/03\/borradores-4-5-350x196.jpg 350w, https:\/\/altovoltajeradio.com\/es\/wp-content\/uploads\/2022\/03\/borradores-4-5-635x357.jpg 635w, https:\/\/altovoltajeradio.com\/es\/wp-content\/uploads\/2022\/03\/borradores-4-5.jpg 1599w\" sizes=\"auto, (max-width: 1024px) 100vw, 1024px\" \/><\/figure>\n","protected":false},"excerpt":{"rendered":"<p>Las fuertes lluvias del fin de semana ayer dej\u00f3 como [&hellip;]<\/p>\n","protected":false},"author":2,"featured_media":87,"comment_status":"open","ping_status":"open","sticky":false,"template":"","format":"standard","meta":{"footnotes":""},"categories":[1],"tags":[],"class_list":["post-86","post","type-post","status-publish","format-standard","has-post-thumbnail","hentry","category-general"],"_links":{"self":[{"href":"https:\/\/altovoltajeradio.com\/es\/wp-json\/wp\/v2\/posts\/86","targetHints":{"allow":["GET"]}}],"collection":[{"href":"https:\/\/altovoltajeradio.com\/es\/wp-json\/wp\/v2\/posts"}],"about":[{"href":"https:\/\/altovoltajeradio.com\/es\/wp-json\/wp\/v2\/types\/post"}],"author":[{"embeddable":true,"href":"https:\/\/altovoltajeradio.com\/es\/wp-json\/wp\/v2\/users\/2"}],"replies":[{"embeddable":true,"href":"https:\/\/altovoltajeradio.com\/es\/wp-json\/wp\/v2\/comments?post=86"}],"version-history":[{"count":1,"href":"https:\/\/altovoltajeradio.com\/es\/wp-json\/wp\/v2\/posts\/86\/revisions"}],"predecessor-version":[{"id":88,"href":"https:\/\/altovoltajeradio.com\/es\/wp-json\/wp\/v2\/posts\/86\/revisions\/88"}],"wp:featuredmedia":[{"embeddable":true,"href":"https:\/\/altovoltajeradio.com\/es\/wp-json\/wp\/v2\/media\/87"}],"wp:attachment":[{"href":"https:\/\/altovoltajeradio.com\/es\/wp-json\/wp\/v2\/media?parent=86"}],"wp:term":[{"taxonomy":"category","embeddable":true,"href":"https:\/\/altovoltajeradio.com\/es\/wp-json\/wp\/v2\/categories?post=86"},{"taxonomy":"post_tag","embeddable":true,"href":"https:\/\/altovoltajeradio.com\/es\/wp-json\/wp\/v2\/tags?post=86"}],"curies":[{"name":"wp","href":"https:\/\/api.w.org\/{rel}","templated":true}]}}