{"id":864,"date":"2024-09-20T14:10:29","date_gmt":"2024-09-20T14:10:29","guid":{"rendered":"https:\/\/altovoltajeradio.com\/es\/?p=864"},"modified":"2024-09-20T14:10:29","modified_gmt":"2024-09-20T14:10:29","slug":"tragico-accidente-hace-pocos-minutos-en-el-km-41-una-persona-fallecio","status":"publish","type":"post","link":"https:\/\/altovoltajeradio.com\/es\/tragico-accidente-hace-pocos-minutos-en-el-km-41-una-persona-fallecio\/","title":{"rendered":"Tr\u00e1gico accidente hace pocos minutos en el Km 41, una persona falleci\u00f3"},"content":{"rendered":"<figure id=\"attachment_865\" aria-describedby=\"caption-attachment-865\" style=\"width: 300px\" class=\"wp-caption alignnone\"><img loading=\"lazy\" decoding=\"async\" class=\"size-medium wp-image-865\" src=\"https:\/\/altovoltajeradio.com\/es\/wp-content\/uploads\/2024\/09\/BORRADORES-HOY-1-300x213.jpeg\" alt=\"\" width=\"300\" height=\"213\" srcset=\"https:\/\/altovoltajeradio.com\/es\/wp-content\/uploads\/2024\/09\/BORRADORES-HOY-1-300x213.jpeg 300w, https:\/\/altovoltajeradio.com\/es\/wp-content\/uploads\/2024\/09\/BORRADORES-HOY-1-1024x726.jpeg 1024w, https:\/\/altovoltajeradio.com\/es\/wp-content\/uploads\/2024\/09\/BORRADORES-HOY-1-768x545.jpeg 768w, https:\/\/altovoltajeradio.com\/es\/wp-content\/uploads\/2024\/09\/BORRADORES-HOY-1-1536x1090.jpeg 1536w, https:\/\/altovoltajeradio.com\/es\/wp-content\/uploads\/2024\/09\/BORRADORES-HOY-1-255x180.jpeg 255w, https:\/\/altovoltajeradio.com\/es\/wp-content\/uploads\/2024\/09\/BORRADORES-HOY-1-350x247.jpeg 350w, https:\/\/altovoltajeradio.com\/es\/wp-content\/uploads\/2024\/09\/BORRADORES-HOY-1-635x450.jpeg 635w, https:\/\/altovoltajeradio.com\/es\/wp-content\/uploads\/2024\/09\/BORRADORES-HOY-1-290x205.jpeg 290w, https:\/\/altovoltajeradio.com\/es\/wp-content\/uploads\/2024\/09\/BORRADORES-HOY-1.jpeg 1748w\" sizes=\"auto, (max-width: 300px) 100vw, 300px\" \/><figcaption id=\"caption-attachment-865\" class=\"wp-caption-text\">Un tr\u00e1gico accidente de tr\u00e1nsito se registr\u00f3 hace pocos minutos en la v\u00eda Manizales &#8211; Medell\u00edn, a la altura de la vereda Kil\u00f3metro 41\u00a0 \u00a0\u00a0<\/figcaption><\/figure>\n<p><span style=\"font-size: 16px;\">\u00a0 Esta ma\u00f1ana un grave accidente de tr\u00e1nsito sacudi\u00f3 la v\u00eda Manizales- Medell\u00edn a la altura del Km 41, jurisdicci\u00f3n de Neira Caldas, cuando un veh\u00edculo particular, se volc\u00f3 sobre uno de los costados de la v\u00eda.\u00a0 El siniestro dej\u00f3 un saldo tr\u00e1gico: una persona falleci\u00f3 en el lugar y otras cuatro resultaron grave heridas.<\/span><\/p>\n<p>De inmediato hicieron presencia las autoridades competentes para realizar la inspecci\u00f3n t\u00e9cnica del cad\u00e1ver y la identificaci\u00f3n de la persona fallecida. A su vez para investigar las causas del accidente.<\/p>\n","protected":false},"excerpt":{"rendered":"<p>\u00a0 Esta ma\u00f1ana un grave accidente de tr\u00e1nsito sacudi\u00f3 la [&hellip;]<\/p>\n","protected":false},"author":2,"featured_media":0,"comment_status":"open","ping_status":"open","sticky":false,"template":"","format":"standard","meta":{"footnotes":""},"categories":[4],"tags":[41,52,35,28,36,57],"class_list":["post-864","post","type-post","status-publish","format-standard","hentry","category-extra","tag-alcaldia-manizales","tag-alcaldia-riosucio-caldas","tag-gobierno-de-caldas","tag-manizales","tag-neira","tag-riosucio-caldas"],"_links":{"self":[{"href":"https:\/\/altovoltajeradio.com\/es\/wp-json\/wp\/v2\/posts\/864","targetHints":{"allow":["GET"]}}],"collection":[{"href":"https:\/\/altovoltajeradio.com\/es\/wp-json\/wp\/v2\/posts"}],"about":[{"href":"https:\/\/altovoltajeradio.com\/es\/wp-json\/wp\/v2\/types\/post"}],"author":[{"embeddable":true,"href":"https:\/\/altovoltajeradio.com\/es\/wp-json\/wp\/v2\/users\/2"}],"replies":[{"embeddable":true,"href":"https:\/\/altovoltajeradio.com\/es\/wp-json\/wp\/v2\/comments?post=864"}],"version-history":[{"count":1,"href":"https:\/\/altovoltajeradio.com\/es\/wp-json\/wp\/v2\/posts\/864\/revisions"}],"predecessor-version":[{"id":866,"href":"https:\/\/altovoltajeradio.com\/es\/wp-json\/wp\/v2\/posts\/864\/revisions\/866"}],"wp:attachment":[{"href":"https:\/\/altovoltajeradio.com\/es\/wp-json\/wp\/v2\/media?parent=864"}],"wp:term":[{"taxonomy":"category","embeddable":true,"href":"https:\/\/altovoltajeradio.com\/es\/wp-json\/wp\/v2\/categories?post=864"},{"taxonomy":"post_tag","embeddable":true,"href":"https:\/\/altovoltajeradio.com\/es\/wp-json\/wp\/v2\/tags?post=864"}],"curies":[{"name":"wp","href":"https:\/\/api.w.org\/{rel}","templated":true}]}}