{"id":871,"date":"2024-10-03T14:35:26","date_gmt":"2024-10-03T14:35:26","guid":{"rendered":"https:\/\/altovoltajeradio.com\/es\/?p=871"},"modified":"2024-10-03T14:35:26","modified_gmt":"2024-10-03T14:35:26","slug":"alarma-en-riosucio-por-la-aparicion-de-grafitis-alusivos-al-epl","status":"publish","type":"post","link":"https:\/\/altovoltajeradio.com\/es\/alarma-en-riosucio-por-la-aparicion-de-grafitis-alusivos-al-epl\/","title":{"rendered":"Alarma en Riosucio por la aparici\u00f3n de grafitis alusivos al EPL"},"content":{"rendered":"<figure id=\"attachment_872\" aria-describedby=\"caption-attachment-872\" style=\"width: 300px\" class=\"wp-caption alignnone\"><img loading=\"lazy\" decoding=\"async\" class=\"size-medium wp-image-872\" src=\"https:\/\/altovoltajeradio.com\/es\/wp-content\/uploads\/2024\/10\/BORRADOR-1-A-300x213.jpeg\" alt=\"\" width=\"300\" height=\"213\" srcset=\"https:\/\/altovoltajeradio.com\/es\/wp-content\/uploads\/2024\/10\/BORRADOR-1-A-300x213.jpeg 300w, https:\/\/altovoltajeradio.com\/es\/wp-content\/uploads\/2024\/10\/BORRADOR-1-A-1024x726.jpeg 1024w, https:\/\/altovoltajeradio.com\/es\/wp-content\/uploads\/2024\/10\/BORRADOR-1-A-768x545.jpeg 768w, https:\/\/altovoltajeradio.com\/es\/wp-content\/uploads\/2024\/10\/BORRADOR-1-A-1536x1090.jpeg 1536w, https:\/\/altovoltajeradio.com\/es\/wp-content\/uploads\/2024\/10\/BORRADOR-1-A-255x180.jpeg 255w, https:\/\/altovoltajeradio.com\/es\/wp-content\/uploads\/2024\/10\/BORRADOR-1-A-350x247.jpeg 350w, https:\/\/altovoltajeradio.com\/es\/wp-content\/uploads\/2024\/10\/BORRADOR-1-A-635x450.jpeg 635w, https:\/\/altovoltajeradio.com\/es\/wp-content\/uploads\/2024\/10\/BORRADOR-1-A-290x205.jpeg 290w, https:\/\/altovoltajeradio.com\/es\/wp-content\/uploads\/2024\/10\/BORRADOR-1-A.jpeg 1748w\" sizes=\"auto, (max-width: 300px) 100vw, 300px\" \/><figcaption id=\"caption-attachment-872\" class=\"wp-caption-text\">Adem\u00e1s de los grafitis tambi\u00e9n hay testimonios de presencia de hombres armados en la zona\u00a0<\/figcaption><\/figure>\n<p>\u00daLTIMA HORA: Se ha conocido una grave denuncia por parte del representante de la ONG Colombia visible, Andr\u00e9s Felipe Lasso Ledesma quien a trav\u00e9s de los medios de comunicaci\u00f3n del Departamento alert\u00f3 sobre la aparici\u00f3n de varios grafitis alusivos al EPL, agreg\u00f3 adem\u00e1s que hay testimonios que hablando sobre la presencia de hombres armados en la zona. El l\u00edder social insta a las autoridades del Departamento para que hagan mayor presencia en la zona. <strong>La supuesta presencia de hombres encapuchados, con armas de fuego de largo alcance, grafitis alusivos al Epl y la quema de trapiches tienen en alerta a los habitantes de zonas rurales de Riosucio y Sup\u00eda.<\/strong><\/p>\n<p>PARA TENER EN CUENTA:<\/p>\n<p><strong>La Polic\u00eda de Caldas respondi\u00f3 que el pasado 18 de septiembre autoridades del resguardo Escopetera y Pirza\u00a0<\/strong>denunciaron el hallazgo de los grafitis alusivos a grupos al margen de la ley.<\/p>\n<p>Una vez se conoci\u00f3 dicha informaci\u00f3n se coordinaron acciones con el grupo de Derechos Humanos, la Estaci\u00f3n de Polic\u00eda y una comisi\u00f3n de la comunidad ind\u00edgena.<\/p>\n<p><strong>Se acord\u00f3 llevar a cabo patrullajes en veh\u00edculo y a pie, especialmente en sectores aleda\u00f1os a donde encontraron las pinturas.<\/strong><\/p>\n","protected":false},"excerpt":{"rendered":"<p>\u00daLTIMA HORA: Se ha conocido una grave denuncia por parte [&hellip;]<\/p>\n","protected":false},"author":2,"featured_media":0,"comment_status":"open","ping_status":"open","sticky":false,"template":"","format":"standard","meta":{"footnotes":""},"categories":[6],"tags":[],"class_list":["post-871","post","type-post","status-publish","format-standard","hentry","category-sucesos"],"_links":{"self":[{"href":"https:\/\/altovoltajeradio.com\/es\/wp-json\/wp\/v2\/posts\/871","targetHints":{"allow":["GET"]}}],"collection":[{"href":"https:\/\/altovoltajeradio.com\/es\/wp-json\/wp\/v2\/posts"}],"about":[{"href":"https:\/\/altovoltajeradio.com\/es\/wp-json\/wp\/v2\/types\/post"}],"author":[{"embeddable":true,"href":"https:\/\/altovoltajeradio.com\/es\/wp-json\/wp\/v2\/users\/2"}],"replies":[{"embeddable":true,"href":"https:\/\/altovoltajeradio.com\/es\/wp-json\/wp\/v2\/comments?post=871"}],"version-history":[{"count":1,"href":"https:\/\/altovoltajeradio.com\/es\/wp-json\/wp\/v2\/posts\/871\/revisions"}],"predecessor-version":[{"id":873,"href":"https:\/\/altovoltajeradio.com\/es\/wp-json\/wp\/v2\/posts\/871\/revisions\/873"}],"wp:attachment":[{"href":"https:\/\/altovoltajeradio.com\/es\/wp-json\/wp\/v2\/media?parent=871"}],"wp:term":[{"taxonomy":"category","embeddable":true,"href":"https:\/\/altovoltajeradio.com\/es\/wp-json\/wp\/v2\/categories?post=871"},{"taxonomy":"post_tag","embeddable":true,"href":"https:\/\/altovoltajeradio.com\/es\/wp-json\/wp\/v2\/tags?post=871"}],"curies":[{"name":"wp","href":"https:\/\/api.w.org\/{rel}","templated":true}]}}