{"id":874,"date":"2024-10-08T01:23:31","date_gmt":"2024-10-08T01:23:31","guid":{"rendered":"https:\/\/altovoltajeradio.com\/es\/?p=874"},"modified":"2024-10-08T01:23:31","modified_gmt":"2024-10-08T01:23:31","slug":"monsenor-rigoberto-corredor-bermudez-presidio-santa-misa-solemne-en-honor-a-nuestra-senora-del-rosario-en-manizales","status":"publish","type":"post","link":"https:\/\/altovoltajeradio.com\/es\/monsenor-rigoberto-corredor-bermudez-presidio-santa-misa-solemne-en-honor-a-nuestra-senora-del-rosario-en-manizales\/","title":{"rendered":"Monse\u00f1or Rigoberto Corredor Berm\u00fadez presidi\u00f3 Santa misa solemne en honor a Nuestra Se\u00f1ora del Rosario en Manizales"},"content":{"rendered":"<figure id=\"attachment_875\" aria-describedby=\"caption-attachment-875\" style=\"width: 300px\" class=\"wp-caption alignnone\"><img loading=\"lazy\" decoding=\"async\" class=\"size-medium wp-image-875\" src=\"https:\/\/altovoltajeradio.com\/es\/wp-content\/uploads\/2024\/10\/BORRADOR-1-A-1-300x213.jpeg\" alt=\"\" width=\"300\" height=\"213\" srcset=\"https:\/\/altovoltajeradio.com\/es\/wp-content\/uploads\/2024\/10\/BORRADOR-1-A-1-300x213.jpeg 300w, https:\/\/altovoltajeradio.com\/es\/wp-content\/uploads\/2024\/10\/BORRADOR-1-A-1-1024x726.jpeg 1024w, https:\/\/altovoltajeradio.com\/es\/wp-content\/uploads\/2024\/10\/BORRADOR-1-A-1-768x545.jpeg 768w, https:\/\/altovoltajeradio.com\/es\/wp-content\/uploads\/2024\/10\/BORRADOR-1-A-1-1536x1090.jpeg 1536w, https:\/\/altovoltajeradio.com\/es\/wp-content\/uploads\/2024\/10\/BORRADOR-1-A-1-255x180.jpeg 255w, https:\/\/altovoltajeradio.com\/es\/wp-content\/uploads\/2024\/10\/BORRADOR-1-A-1-350x247.jpeg 350w, https:\/\/altovoltajeradio.com\/es\/wp-content\/uploads\/2024\/10\/BORRADOR-1-A-1-635x450.jpeg 635w, https:\/\/altovoltajeradio.com\/es\/wp-content\/uploads\/2024\/10\/BORRADOR-1-A-1-290x205.jpeg 290w, https:\/\/altovoltajeradio.com\/es\/wp-content\/uploads\/2024\/10\/BORRADOR-1-A-1.jpeg 1748w\" sizes=\"auto, (max-width: 300px) 100vw, 300px\" \/><figcaption id=\"caption-attachment-875\" class=\"wp-caption-text\">El d\u00eda de hoy se celebr\u00f3 la Misa Solemne en honor a Nuestra Se\u00f1ora del Rosario, patrona de la Arquidi\u00f3cesis de Manizales.\u00a0<\/figcaption><\/figure>\n<p>Hoy se celebr\u00f3 SANTA MISA SOLEMNE en honor a Nuestra Se\u00f1ora del Rosario,<br \/>\npatrona de la Arquidi\u00f3cesis de Manizales.<br \/>\nEn este d\u00eda tan especial para los cat\u00f3licos y en especial para la comunidad de la Catedral Bas\u00edlica de Manizales, elevaron sus oraciones y devoci\u00f3n a Nuestra Se\u00f1ora del Rosario, pidiendo su intercesi\u00f3n por la Arquidi\u00f3cesis de Manizales, sus familias, comunidad y todo el pueblo de Dios.<br \/>\nLa santa eucarist\u00eda fue presidida por el Monse\u00f1or Rigoberto Corredor, Obispo de Pereira.<br \/>\nUna celebraci\u00f3n que sirvi\u00f3 para invitar a reflexionar sobre el valor de la oraci\u00f3n del Rosario y a meditar en los misterios de la vida de Cristo a trav\u00e9s de Mar\u00eda.<\/p>\n<p>Por su parte, el Obispo de Pereira record\u00f3 que est\u00e1 cerca de su retiro, toda vez que luego de cumplir el l\u00edmite de edad establecido para ejercer el rol episcopal present\u00f3 su renuncia reglamentaria al Papa. Desde el 2011 esa jurisdicci\u00f3n eclesi\u00e1stica era liderada por pastoreada por monse\u00f1or Corredor Berm\u00fadez. En su reemplazo llega el monse\u00f1or Nelson Jair Cardona Ram\u00edrez como nuevo obispo de la Di\u00f3cesis de Pereira se ven\u00eda desempe\u00f1ando como obispo de la Di\u00f3cesis de San Jos\u00e9 del Guaviare desde el a\u00f1o 2016. Este religioso y que ser\u00e1 el m\u00e1ximo jerarca de la iglesia cat\u00f3lica en Risaralda desde el mes de diciembre, naci\u00f3 y se form\u00f3 en esta regi\u00f3n cafetera, es oriundo del municipio de Norcasia, Caldas, y realiz\u00f3 sus estudios b\u00e1sicos de Filosof\u00eda y Teolog\u00eda en el Seminario Mayor Nuestra Se\u00f1ora del Rosario de Manizales.<\/p>\n","protected":false},"excerpt":{"rendered":"<p>Hoy se celebr\u00f3 SANTA MISA SOLEMNE en honor a Nuestra [&hellip;]<\/p>\n","protected":false},"author":2,"featured_media":0,"comment_status":"open","ping_status":"open","sticky":false,"template":"","format":"standard","meta":{"footnotes":""},"categories":[16],"tags":[],"class_list":["post-874","post","type-post","status-publish","format-standard","hentry","category-catolicas"],"_links":{"self":[{"href":"https:\/\/altovoltajeradio.com\/es\/wp-json\/wp\/v2\/posts\/874","targetHints":{"allow":["GET"]}}],"collection":[{"href":"https:\/\/altovoltajeradio.com\/es\/wp-json\/wp\/v2\/posts"}],"about":[{"href":"https:\/\/altovoltajeradio.com\/es\/wp-json\/wp\/v2\/types\/post"}],"author":[{"embeddable":true,"href":"https:\/\/altovoltajeradio.com\/es\/wp-json\/wp\/v2\/users\/2"}],"replies":[{"embeddable":true,"href":"https:\/\/altovoltajeradio.com\/es\/wp-json\/wp\/v2\/comments?post=874"}],"version-history":[{"count":1,"href":"https:\/\/altovoltajeradio.com\/es\/wp-json\/wp\/v2\/posts\/874\/revisions"}],"predecessor-version":[{"id":876,"href":"https:\/\/altovoltajeradio.com\/es\/wp-json\/wp\/v2\/posts\/874\/revisions\/876"}],"wp:attachment":[{"href":"https:\/\/altovoltajeradio.com\/es\/wp-json\/wp\/v2\/media?parent=874"}],"wp:term":[{"taxonomy":"category","embeddable":true,"href":"https:\/\/altovoltajeradio.com\/es\/wp-json\/wp\/v2\/categories?post=874"},{"taxonomy":"post_tag","embeddable":true,"href":"https:\/\/altovoltajeradio.com\/es\/wp-json\/wp\/v2\/tags?post=874"}],"curies":[{"name":"wp","href":"https:\/\/api.w.org\/{rel}","templated":true}]}}