{"id":877,"date":"2024-10-10T00:03:35","date_gmt":"2024-10-10T00:03:35","guid":{"rendered":"https:\/\/altovoltajeradio.com\/es\/?p=877"},"modified":"2024-10-10T00:03:35","modified_gmt":"2024-10-10T00:03:35","slug":"exalumnos-del-inelfu-celebraran-reencuentro-en-torno-al-carnaval","status":"publish","type":"post","link":"https:\/\/altovoltajeradio.com\/es\/exalumnos-del-inelfu-celebraran-reencuentro-en-torno-al-carnaval\/","title":{"rendered":"Exalumnos del INELFU celebraran reencuentro en torno al Carnaval"},"content":{"rendered":"<figure id=\"attachment_878\" aria-describedby=\"caption-attachment-878\" style=\"width: 300px\" class=\"wp-caption alignnone\"><img loading=\"lazy\" decoding=\"async\" class=\"size-medium wp-image-878\" src=\"https:\/\/altovoltajeradio.com\/es\/wp-content\/uploads\/2024\/10\/BORRADOR-1-A-2-300x213.jpeg\" alt=\"\" width=\"300\" height=\"213\" srcset=\"https:\/\/altovoltajeradio.com\/es\/wp-content\/uploads\/2024\/10\/BORRADOR-1-A-2-300x213.jpeg 300w, https:\/\/altovoltajeradio.com\/es\/wp-content\/uploads\/2024\/10\/BORRADOR-1-A-2-1024x726.jpeg 1024w, https:\/\/altovoltajeradio.com\/es\/wp-content\/uploads\/2024\/10\/BORRADOR-1-A-2-768x545.jpeg 768w, https:\/\/altovoltajeradio.com\/es\/wp-content\/uploads\/2024\/10\/BORRADOR-1-A-2-1536x1090.jpeg 1536w, https:\/\/altovoltajeradio.com\/es\/wp-content\/uploads\/2024\/10\/BORRADOR-1-A-2-255x180.jpeg 255w, https:\/\/altovoltajeradio.com\/es\/wp-content\/uploads\/2024\/10\/BORRADOR-1-A-2-350x247.jpeg 350w, https:\/\/altovoltajeradio.com\/es\/wp-content\/uploads\/2024\/10\/BORRADOR-1-A-2-635x450.jpeg 635w, https:\/\/altovoltajeradio.com\/es\/wp-content\/uploads\/2024\/10\/BORRADOR-1-A-2-290x205.jpeg 290w, https:\/\/altovoltajeradio.com\/es\/wp-content\/uploads\/2024\/10\/BORRADOR-1-A-2.jpeg 1748w\" sizes=\"auto, (max-width: 300px) 100vw, 300px\" \/><figcaption id=\"caption-attachment-878\" class=\"wp-caption-text\">Ser\u00e1n cerca de 400 bachilleres de diferentes promociones de INELFU se tomar\u00e1n las calles en el 3er. Decreto del Carnaval\u00a0<\/figcaption><\/figure>\n<p>Cerca de 400 bachilleres de diferentes promociones de INELFU antes INALFU se tomar\u00e1n las calles de alegr\u00eda en un espacio que se combina con la nostalgia y la magia carnavalera, todo esto en el marco del Tercer Decreto del Carnaval de Riosucio 2025.\u00a0 \u00abQue mejor que aprovechar un evento como nuestro Carnaval para celebrar la amistad y la vida; en nuestro caso son 41 a\u00f1os de habernos graduado de bachilleres en nuestro glorioso colegio. Estaremos atendiendo esta invitaci\u00f3n que servir\u00e1 de antesala a nuestro pr\u00f3ximo encuentro que se llevar\u00e1 a cabo el pr\u00f3ximo 29 de diciembre y que constar\u00e1 de varias actividades; entre ellas una chiva rumbera\u00bb; as\u00ed lo manifest\u00f3 uno de los organizadores del Encuentro Promo 83 conocido entre sus compa\u00f1eros como el \u00abTurko\u00bb Quintero.<\/p>\n","protected":false},"excerpt":{"rendered":"<p>Cerca de 400 bachilleres de diferentes promociones de INELFU antes [&hellip;]<\/p>\n","protected":false},"author":2,"featured_media":0,"comment_status":"open","ping_status":"open","sticky":false,"template":"","format":"standard","meta":{"footnotes":""},"categories":[11],"tags":[],"class_list":["post-877","post","type-post","status-publish","format-standard","hentry","category-cultura"],"_links":{"self":[{"href":"https:\/\/altovoltajeradio.com\/es\/wp-json\/wp\/v2\/posts\/877","targetHints":{"allow":["GET"]}}],"collection":[{"href":"https:\/\/altovoltajeradio.com\/es\/wp-json\/wp\/v2\/posts"}],"about":[{"href":"https:\/\/altovoltajeradio.com\/es\/wp-json\/wp\/v2\/types\/post"}],"author":[{"embeddable":true,"href":"https:\/\/altovoltajeradio.com\/es\/wp-json\/wp\/v2\/users\/2"}],"replies":[{"embeddable":true,"href":"https:\/\/altovoltajeradio.com\/es\/wp-json\/wp\/v2\/comments?post=877"}],"version-history":[{"count":1,"href":"https:\/\/altovoltajeradio.com\/es\/wp-json\/wp\/v2\/posts\/877\/revisions"}],"predecessor-version":[{"id":879,"href":"https:\/\/altovoltajeradio.com\/es\/wp-json\/wp\/v2\/posts\/877\/revisions\/879"}],"wp:attachment":[{"href":"https:\/\/altovoltajeradio.com\/es\/wp-json\/wp\/v2\/media?parent=877"}],"wp:term":[{"taxonomy":"category","embeddable":true,"href":"https:\/\/altovoltajeradio.com\/es\/wp-json\/wp\/v2\/categories?post=877"},{"taxonomy":"post_tag","embeddable":true,"href":"https:\/\/altovoltajeradio.com\/es\/wp-json\/wp\/v2\/tags?post=877"}],"curies":[{"name":"wp","href":"https:\/\/api.w.org\/{rel}","templated":true}]}}