{"id":883,"date":"2024-10-17T16:22:47","date_gmt":"2024-10-17T16:22:47","guid":{"rendered":"https:\/\/altovoltajeradio.com\/es\/?p=883"},"modified":"2024-10-17T16:22:47","modified_gmt":"2024-10-17T16:22:47","slug":"hallaron-en-un-canal-de-candelaria-valle-a-sofia","status":"publish","type":"post","link":"https:\/\/altovoltajeradio.com\/es\/hallaron-en-un-canal-de-candelaria-valle-a-sofia\/","title":{"rendered":"Hallaron en un ca\u00f1al de Candelaria Valle a Sofia"},"content":{"rendered":"<figure id=\"attachment_884\" aria-describedby=\"caption-attachment-884\" style=\"width: 300px\" class=\"wp-caption alignnone\"><img loading=\"lazy\" decoding=\"async\" class=\"size-medium wp-image-884\" src=\"https:\/\/altovoltajeradio.com\/es\/wp-content\/uploads\/2024\/10\/BORRADOR-1-A-300x213.jpg\" alt=\"\" width=\"300\" height=\"213\" srcset=\"https:\/\/altovoltajeradio.com\/es\/wp-content\/uploads\/2024\/10\/BORRADOR-1-A-300x213.jpg 300w, https:\/\/altovoltajeradio.com\/es\/wp-content\/uploads\/2024\/10\/BORRADOR-1-A-1024x726.jpg 1024w, https:\/\/altovoltajeradio.com\/es\/wp-content\/uploads\/2024\/10\/BORRADOR-1-A-768x545.jpg 768w, https:\/\/altovoltajeradio.com\/es\/wp-content\/uploads\/2024\/10\/BORRADOR-1-A-1536x1090.jpg 1536w, https:\/\/altovoltajeradio.com\/es\/wp-content\/uploads\/2024\/10\/BORRADOR-1-A-255x180.jpg 255w, https:\/\/altovoltajeradio.com\/es\/wp-content\/uploads\/2024\/10\/BORRADOR-1-A-350x247.jpg 350w, https:\/\/altovoltajeradio.com\/es\/wp-content\/uploads\/2024\/10\/BORRADOR-1-A-635x450.jpg 635w, https:\/\/altovoltajeradio.com\/es\/wp-content\/uploads\/2024\/10\/BORRADOR-1-A-290x205.jpg 290w, https:\/\/altovoltajeradio.com\/es\/wp-content\/uploads\/2024\/10\/BORRADOR-1-A.jpg 1748w\" sizes=\"auto, (max-width: 300px) 100vw, 300px\" \/><figcaption id=\"caption-attachment-884\" class=\"wp-caption-text\">La ni\u00f1a desaparecida hace varias semanas en Candelaria Valle del Cauca fue hallada sin vida en un ca\u00f1al en zona rural de este Municipio\u00a0<\/figcaption><\/figure>\n<p>Las autoridades han reportado en la ma\u00f1ana de este jueves 17 de octubre que fue hallado el cuerpo sin vida de SOFIA DELGADO, la menor de 12 a\u00f1os que llevaba varias semanas desaparecida en el Corregimiento de Villagorgona, zona rural de<span class=\"html-span xdj266r x11i5rnm xat24cr x1mh8g0r xexx8yu x4uap5 x18d9i69 xkhd6sd x1hl2dhg x16tdsg8 x1vvkbs\"><a class=\"x1i10hfl xjbqb8w x1ejq31n xd10rxx x1sy0etr x17r0tee x972fbf xcfux6l x1qhh985 xm0m39n x9f619 x1ypdohk xt0psk2 xe8uvvx xdj266r x11i5rnm xat24cr x1mh8g0r xexx8yu x4uap5 x18d9i69 xkhd6sd x16tdsg8 x1hl2dhg xggy1nq x1a2a7pz x1sur9pj xkrqix3 x1fey0fg x1s688f\" tabindex=\"0\" role=\"link\" href=\"https:\/\/www.facebook.com\/hashtag\/candelaria?__eep__=6&amp;__cft__[0]=AZV7YDgok3gT7b_TCtX3O8ws1M06e3naApU1u2-Wh7q_PuGuZrHQrCoZy28whZbS_auzjhBsG5gYrYjJb7FQBXBK4wNY6JCB6JamGcV4RKb8xx9zs9NYiYnagokiJt2I5Tkibxs53NOmF5YGGGWmhbbyuIOB-gepgVNyfu95aSmZUKBfn5mSU2hDBjwNkES0bDnB1wLRxdvPoJ7lroXO4AknFFkgtxPoY_m6YdcNEdgPJseBchfGI2TMr2lIvknpL80&amp;__tn__=*NK-y-R\"> #Candelari<\/a><\/span>a, al parecer el cuerpo de la ni\u00f1a fue encontrado en un ca\u00f1al en la v\u00eda que de Candelaria conduce a Florida.<\/p>\n<p>Despu\u00e9s de d\u00edas de intensa b\u00fasqueda, las autoridades confirmaron el hallazgo sin vida de Sof\u00eda que hab\u00eda desaparecido el pasado 29 de septiembre en el municipio de <b>Candelaria, Valle del Cauca.<\/b><\/p>\n<p>Sof\u00eda fue vista por \u00faltima vez cuando sali\u00f3 de la casa de su abuela en la vereda Villa Gorgona,\u00a0<b>con el objetivo de comprar champ\u00fa<\/b> para su perrita. Este \u00faltimo trayecto, aparentemente rutinario, se convirti\u00f3 en el inicio de una desgarradora tragedia que conmocion\u00f3 a la regi\u00f3n.<\/p>\n<p>En el transcurso de la investigaci\u00f3n, la Polic\u00eda realiz\u00f3 una serie de allanamientos que\u00a0<b>resultaron en la captura de un hombre<\/b> en el municipio de Florida, Valle del Cauca, quien confes\u00f3 haber secuestrado y asesinado a la ni\u00f1a.<\/p>\n<p>La investigaci\u00f3n dio un giro importante gracias a las im\u00e1genes de una\u00a0<b>c\u00e1mara de seguridad que capt\u00f3 un veh\u00edculo<\/b> en la zona el d\u00eda de la desaparici\u00f3n.<\/p>\n<p>Siguiendo esa pista, las autoridade<b>s lograron ubicar al sospechoso en Cali,<\/b>\u00a0donde encontraron rastros de sangre en su domicilio, reforzando los indicios de su participaci\u00f3n en el crimen.<\/p>\n<p>El caso de Sof\u00eda moviliz\u00f3 tanto a la comunidad local como a las autoridades nacionales,\u00a0<b>quienes se volcaron en la b\u00fasqueda<\/b>\u00a0con la esperanza de encontrarla con vida.<\/p>\n<p>Incluso la Interpol emiti\u00f3 una circular amarilla para evitar que\u00a0<b>la menor fuera sacada del pa\u00eds<\/b>. Sin embargo, la noticia de su fallecimiento cay\u00f3 como un balde de agua fr\u00eda en la comunidad, que hasta el \u00faltimo momento se mantuvo expectante.<\/p>\n<p>ALTO VOLTAJE RADIO<\/p>\n","protected":false},"excerpt":{"rendered":"<p>Las autoridades han reportado en la ma\u00f1ana de este jueves [&hellip;]<\/p>\n","protected":false},"author":2,"featured_media":0,"comment_status":"open","ping_status":"open","sticky":false,"template":"","format":"standard","meta":{"footnotes":""},"categories":[4],"tags":[87,86],"class_list":["post-883","post","type-post","status-publish","format-standard","hentry","category-extra","tag-cali","tag-candelaria-valle"],"_links":{"self":[{"href":"https:\/\/altovoltajeradio.com\/es\/wp-json\/wp\/v2\/posts\/883","targetHints":{"allow":["GET"]}}],"collection":[{"href":"https:\/\/altovoltajeradio.com\/es\/wp-json\/wp\/v2\/posts"}],"about":[{"href":"https:\/\/altovoltajeradio.com\/es\/wp-json\/wp\/v2\/types\/post"}],"author":[{"embeddable":true,"href":"https:\/\/altovoltajeradio.com\/es\/wp-json\/wp\/v2\/users\/2"}],"replies":[{"embeddable":true,"href":"https:\/\/altovoltajeradio.com\/es\/wp-json\/wp\/v2\/comments?post=883"}],"version-history":[{"count":1,"href":"https:\/\/altovoltajeradio.com\/es\/wp-json\/wp\/v2\/posts\/883\/revisions"}],"predecessor-version":[{"id":885,"href":"https:\/\/altovoltajeradio.com\/es\/wp-json\/wp\/v2\/posts\/883\/revisions\/885"}],"wp:attachment":[{"href":"https:\/\/altovoltajeradio.com\/es\/wp-json\/wp\/v2\/media?parent=883"}],"wp:term":[{"taxonomy":"category","embeddable":true,"href":"https:\/\/altovoltajeradio.com\/es\/wp-json\/wp\/v2\/categories?post=883"},{"taxonomy":"post_tag","embeddable":true,"href":"https:\/\/altovoltajeradio.com\/es\/wp-json\/wp\/v2\/tags?post=883"}],"curies":[{"name":"wp","href":"https:\/\/api.w.org\/{rel}","templated":true}]}}