{"id":890,"date":"2024-10-30T15:47:00","date_gmt":"2024-10-30T15:47:00","guid":{"rendered":"https:\/\/altovoltajeradio.com\/es\/?p=890"},"modified":"2024-10-30T15:47:00","modified_gmt":"2024-10-30T15:47:00","slug":"murio-el-tecnico-antioqueno-pedro-sarmiento-luto-en-el-futbol-colombiano","status":"publish","type":"post","link":"https:\/\/altovoltajeradio.com\/es\/murio-el-tecnico-antioqueno-pedro-sarmiento-luto-en-el-futbol-colombiano\/","title":{"rendered":"Muri\u00f3 el t\u00e9cnico antioque\u00f1o Pedro Sarmiento. Luto en el f\u00fatbol colombiano"},"content":{"rendered":"<figure id=\"attachment_891\" aria-describedby=\"caption-attachment-891\" style=\"width: 300px\" class=\"wp-caption alignnone\"><img loading=\"lazy\" decoding=\"async\" class=\"size-medium wp-image-891\" src=\"https:\/\/altovoltajeradio.com\/es\/wp-content\/uploads\/2024\/10\/BORRADORES-11-a-1-300x213.jpeg\" alt=\"\" width=\"300\" height=\"213\" srcset=\"https:\/\/altovoltajeradio.com\/es\/wp-content\/uploads\/2024\/10\/BORRADORES-11-a-1-300x213.jpeg 300w, https:\/\/altovoltajeradio.com\/es\/wp-content\/uploads\/2024\/10\/BORRADORES-11-a-1-1024x726.jpeg 1024w, https:\/\/altovoltajeradio.com\/es\/wp-content\/uploads\/2024\/10\/BORRADORES-11-a-1-768x545.jpeg 768w, https:\/\/altovoltajeradio.com\/es\/wp-content\/uploads\/2024\/10\/BORRADORES-11-a-1-1536x1090.jpeg 1536w, https:\/\/altovoltajeradio.com\/es\/wp-content\/uploads\/2024\/10\/BORRADORES-11-a-1-255x180.jpeg 255w, https:\/\/altovoltajeradio.com\/es\/wp-content\/uploads\/2024\/10\/BORRADORES-11-a-1-350x247.jpeg 350w, https:\/\/altovoltajeradio.com\/es\/wp-content\/uploads\/2024\/10\/BORRADORES-11-a-1-635x450.jpeg 635w, https:\/\/altovoltajeradio.com\/es\/wp-content\/uploads\/2024\/10\/BORRADORES-11-a-1-290x205.jpeg 290w, https:\/\/altovoltajeradio.com\/es\/wp-content\/uploads\/2024\/10\/BORRADORES-11-a-1.jpeg 1748w\" sizes=\"auto, (max-width: 300px) 100vw, 300px\" \/><figcaption id=\"caption-attachment-891\" class=\"wp-caption-text\">El t\u00e9cnico antique\u00f1o falleci\u00f3 en la ma\u00f1ana de este mi\u00e9rcoles 30 de octubre en la ciudad de Medell\u00edn a causa de un c\u00e1ncer en la sangre que padec\u00eda.\u00a0\u00a0<\/figcaption><\/figure>\n<p>Falleci\u00f3 el exfutbolista colombiano Pedro Sarmiento a los 68 a\u00f1os de edad en la ma\u00f1ana de este mi\u00e9rcoles 30 de octubre en la ciudad de Medell\u00edn a causa de un c\u00e1ncer en la sangre. El timonel paisa querido y recordado por el t\u00edtulo conseguido con el DIM en el 2004 cuando venci\u00f3 a su rival de plaza Atl\u00e9tico Nacional y otro t\u00edtulo conseguido con el Deportivo Cali en el 2005. Sarmiento cerr\u00f3 su carrera Deportiva con el Once Caldas.<\/p>\n<p>En el Once Caldas de Manizales no tuvo a favor los resultados en la temporada del 2023 por lo que los dirigentes del equipo le pidieron el puesto y en su reemplazo dejaron al actual entrenador Hern\u00e1n Dar\u00edo \u00abEl arriero\u00bb Herrera.<\/p>\n<p>Tambi\u00e9n fue asistente del Am\u00e9rica de Cali (1992-1994) y la Selecci\u00f3n Colombia (2003)<\/p>\n<p>El fallecimiento de Pedro Sarmiento ha despertado conmoci\u00f3n en el f\u00fatbol de nuestro pa\u00eds, La \ud835\udc03\ud835\udc22\ud835\udc2f\ud835\udc22\ud835\udc2c\ud835\udc22\ud835\udc28\u0301\ud835\udc27 \ud835\udc0c\ud835\udc1a\ud835\udc32\ud835\udc28\ud835\udc2b \ud835\udc1d\ud835\udc1e\ud835\udc25 \ud835\udc05\ud835\udc2e\u0301\ud835\udc2d\ud835\udc1b\ud835\udc28\ud835\udc25 \ud835\udc0f\ud835\udc2b\ud835\udc28\ud835\udc1f\ud835\udc1e\ud835\udc2c\ud835\udc22\ud835\udc28\ud835\udc27\ud835\udc1a\ud835\udc25 \ud835\udc02\ud835\udc28\ud835\udc25\ud835\udc28\ud835\udc26\ud835\udc1b\ud835\udc22\ud835\udc1a\ud835\udc27\ud835\udc28 &#8211; \ud835\udc03\ud835\udc08\ud835\udc0c\ud835\udc00\ud835\udc18\ud835\udc0e\ud835\udc11 en cabeza de su presidente, Fernando Jaramillo y los 36 clubes afiliados, lamentan el fallecimiento del ex jugador y entrenador Pedro Sarmiento. Un abrazo de solidaridad a todos sus familiares y amigos.<\/p>\n<p>Por su parte, el Club Atl\u00e9tico Nacional manifest\u00f3 en su cuenta de X \u00abAcaba de fallecer PEDRO SARMIENTO SOL\u00cdS, a los 68 a\u00f1os de edad. Campe\u00f3n como jugador de NACIONAL en 1976 y 1981, con Am\u00e9rica en 1985 y 1985 y como DT con el DIM 2004 y Deportivo Cali en el 2005. Nuestro coraz\u00f3n est\u00e1 muy triste y abrazando a su familia. Supo luchar como espartano para conservar la vida, hasta hoy que el Se\u00f1or lo acogi\u00f3. Adi\u00f3s amigo inolvidable.\u00bb<\/p>\n<p>Mientras el Medell\u00edn expres\u00f3 \u00bb El Equipo del Pueblo lamenta profundamente el fallecimiento de PEDRO SARMIENTO, t\u00e9cnico campe\u00f3n con nuestra instituci\u00f3n. Valiente y luchador, como el equipo que comand\u00f3 para lograr una estrella que ser\u00e1 inolvidable en nuestra historia. Enviamos nuestras condolencias a sus familiares, a quienes acompa\u00f1amos en este momento de profunda tristeza. Nuestras oraciones est\u00e1n con ustedes y la memoria del profe vivir\u00e1 para siempre en nuestros corazones.\u00bb Igual hicieron extensivo su mensaje de dolor otros equipos como el Am\u00e9rica de Cali y Junior de Barranquilla.<\/p>\n<p>&nbsp;<\/p>\n","protected":false},"excerpt":{"rendered":"<p>Falleci\u00f3 el exfutbolista colombiano Pedro Sarmiento a los 68 a\u00f1os [&hellip;]<\/p>\n","protected":false},"author":2,"featured_media":891,"comment_status":"open","ping_status":"open","sticky":false,"template":"","format":"standard","meta":{"footnotes":""},"categories":[4],"tags":[91,89,90,92,28,93,88],"class_list":["post-890","post","type-post","status-publish","format-standard","has-post-thumbnail","hentry","category-extra","tag-america-de-cali","tag-atletico-nacional","tag-dim","tag-junior-de-barranquilla","tag-manizales","tag-once-caldas","tag-pedro-sarmiento"],"_links":{"self":[{"href":"https:\/\/altovoltajeradio.com\/es\/wp-json\/wp\/v2\/posts\/890","targetHints":{"allow":["GET"]}}],"collection":[{"href":"https:\/\/altovoltajeradio.com\/es\/wp-json\/wp\/v2\/posts"}],"about":[{"href":"https:\/\/altovoltajeradio.com\/es\/wp-json\/wp\/v2\/types\/post"}],"author":[{"embeddable":true,"href":"https:\/\/altovoltajeradio.com\/es\/wp-json\/wp\/v2\/users\/2"}],"replies":[{"embeddable":true,"href":"https:\/\/altovoltajeradio.com\/es\/wp-json\/wp\/v2\/comments?post=890"}],"version-history":[{"count":1,"href":"https:\/\/altovoltajeradio.com\/es\/wp-json\/wp\/v2\/posts\/890\/revisions"}],"predecessor-version":[{"id":892,"href":"https:\/\/altovoltajeradio.com\/es\/wp-json\/wp\/v2\/posts\/890\/revisions\/892"}],"wp:featuredmedia":[{"embeddable":true,"href":"https:\/\/altovoltajeradio.com\/es\/wp-json\/wp\/v2\/media\/891"}],"wp:attachment":[{"href":"https:\/\/altovoltajeradio.com\/es\/wp-json\/wp\/v2\/media?parent=890"}],"wp:term":[{"taxonomy":"category","embeddable":true,"href":"https:\/\/altovoltajeradio.com\/es\/wp-json\/wp\/v2\/categories?post=890"},{"taxonomy":"post_tag","embeddable":true,"href":"https:\/\/altovoltajeradio.com\/es\/wp-json\/wp\/v2\/tags?post=890"}],"curies":[{"name":"wp","href":"https:\/\/api.w.org\/{rel}","templated":true}]}}