{"id":90,"date":"2022-03-24T03:30:03","date_gmt":"2022-03-24T03:30:03","guid":{"rendered":"https:\/\/altovoltajeradio.com\/es\/?p=90"},"modified":"2022-03-24T03:30:03","modified_gmt":"2022-03-24T03:30:03","slug":"susto-hoy-en-el-occidente-colombiano-por-temblor-en-el-choco","status":"publish","type":"post","link":"https:\/\/altovoltajeradio.com\/es\/susto-hoy-en-el-occidente-colombiano-por-temblor-en-el-choco\/","title":{"rendered":"Susto hoy en el occidente colombiano por temblor en el Choc\u00f3"},"content":{"rendered":"\n<h1 class=\"wp-block-heading\">Tembl\u00f3 fuerte esta noche en Colombia lo que logr\u00f3 asustar a muchos habitantes del Occidente colombiano y el Eje Cafetero. No se reportaron da\u00f1os en edificaciones, ni derrumbes ocasionados por el temblor.<\/h1>\n\n\n\n<figure class=\"wp-block-image size-full\"><img loading=\"lazy\" decoding=\"async\" width=\"400\" height=\"400\" src=\"https:\/\/altovoltajeradio.com\/es\/wp-content\/uploads\/2022\/03\/borradores-4-1.webp\" alt=\"\" class=\"wp-image-89\" srcset=\"https:\/\/altovoltajeradio.com\/es\/wp-content\/uploads\/2022\/03\/borradores-4-1.webp 400w, https:\/\/altovoltajeradio.com\/es\/wp-content\/uploads\/2022\/03\/borradores-4-1-300x300.webp 300w, https:\/\/altovoltajeradio.com\/es\/wp-content\/uploads\/2022\/03\/borradores-4-1-150x150.webp 150w, https:\/\/altovoltajeradio.com\/es\/wp-content\/uploads\/2022\/03\/borradores-4-1-84x84.webp 84w\" sizes=\"auto, (max-width: 400px) 100vw, 400px\" \/><\/figure>\n\n\n\n<h1 class=\"wp-block-heading\"><\/h1>\n\n\n\n<p>En la noche de este mi\u00e9rcoles, se report\u00f3 un&nbsp;<a target=\"_blank\" href=\"https:\/\/www.pulzo.com\/noticias\/temblor\" rel=\"noreferrer noopener\">temblor<\/a>&nbsp;en&nbsp;<a target=\"_blank\" href=\"https:\/\/www.pulzo.com\/noticias\/colombia\" rel=\"noreferrer noopener\">Colombia<\/a>&nbsp;que seguramente les hizo pasar apuros a los habitantes de varios municipios del occidente del pa\u00eds.<\/p>\n\n\n\n<p>El Servicio Geol\u00f3gico Colombiano confirm\u00f3 que<strong>&nbsp;a la 8:34 p.m. se present\u00f3 un&nbsp;<a target=\"_blank\" href=\"https:\/\/www.pulzo.com\/noticias\/temblor-en-colombia\" rel=\"noreferrer noopener\">temblor<\/a>&nbsp;de magnitud 4.1 con epicentro en el municipio de N\u00f3vita, en el departamento del&nbsp;<a target=\"_blank\" href=\"https:\/\/www.pulzo.com\/noticias\/choco\" rel=\"noreferrer noopener\">Choc\u00f3<\/a>.<\/strong>&nbsp;El movimiento tel\u00farico se produjo con una profundidad de 75 kil\u00f3metros, lo que hizo que se sintiera en sectores cercanos al epicentro.<\/p>\n\n\n\n<p>Los habitantes de \u00e9sta zona del Departamento a trav\u00e9s de las redes sociales reportaron el sismo y buscaron informaci\u00f3n que confirmaran cu\u00e1l era el epicentro del mismo.<\/p>\n\n\n\n<p>Cabe recordar que en horas de la ma\u00f1ana,\u00a0<strong>tambi\u00e9n se registr\u00f3 un temblor<\/strong>\u00a0en esta regi\u00f3n del occidente colombiano con una magnitud de 2.8 kil\u00f3metros.<\/p>\n","protected":false},"excerpt":{"rendered":"<p>Tembl\u00f3 fuerte esta noche en Colombia lo que logr\u00f3 asustar [&hellip;]<\/p>\n","protected":false},"author":2,"featured_media":89,"comment_status":"open","ping_status":"open","sticky":false,"template":"","format":"standard","meta":{"footnotes":""},"categories":[6],"tags":[],"class_list":["post-90","post","type-post","status-publish","format-standard","has-post-thumbnail","hentry","category-sucesos"],"_links":{"self":[{"href":"https:\/\/altovoltajeradio.com\/es\/wp-json\/wp\/v2\/posts\/90","targetHints":{"allow":["GET"]}}],"collection":[{"href":"https:\/\/altovoltajeradio.com\/es\/wp-json\/wp\/v2\/posts"}],"about":[{"href":"https:\/\/altovoltajeradio.com\/es\/wp-json\/wp\/v2\/types\/post"}],"author":[{"embeddable":true,"href":"https:\/\/altovoltajeradio.com\/es\/wp-json\/wp\/v2\/users\/2"}],"replies":[{"embeddable":true,"href":"https:\/\/altovoltajeradio.com\/es\/wp-json\/wp\/v2\/comments?post=90"}],"version-history":[{"count":1,"href":"https:\/\/altovoltajeradio.com\/es\/wp-json\/wp\/v2\/posts\/90\/revisions"}],"predecessor-version":[{"id":91,"href":"https:\/\/altovoltajeradio.com\/es\/wp-json\/wp\/v2\/posts\/90\/revisions\/91"}],"wp:featuredmedia":[{"embeddable":true,"href":"https:\/\/altovoltajeradio.com\/es\/wp-json\/wp\/v2\/media\/89"}],"wp:attachment":[{"href":"https:\/\/altovoltajeradio.com\/es\/wp-json\/wp\/v2\/media?parent=90"}],"wp:term":[{"taxonomy":"category","embeddable":true,"href":"https:\/\/altovoltajeradio.com\/es\/wp-json\/wp\/v2\/categories?post=90"},{"taxonomy":"post_tag","embeddable":true,"href":"https:\/\/altovoltajeradio.com\/es\/wp-json\/wp\/v2\/tags?post=90"}],"curies":[{"name":"wp","href":"https:\/\/api.w.org\/{rel}","templated":true}]}}