{"id":902,"date":"2024-11-12T23:03:10","date_gmt":"2024-11-12T23:03:10","guid":{"rendered":"https:\/\/altovoltajeradio.com\/es\/?p=902"},"modified":"2024-11-12T23:03:10","modified_gmt":"2024-11-12T23:03:10","slug":"tribunal-tumba-nuevo-acuerdo-al-concejo-de-riosucio","status":"publish","type":"post","link":"https:\/\/altovoltajeradio.com\/es\/tribunal-tumba-nuevo-acuerdo-al-concejo-de-riosucio\/","title":{"rendered":"Tribunal tumba nuevo acuerdo al Concejo de Riosucio"},"content":{"rendered":"<figure id=\"attachment_903\" aria-describedby=\"caption-attachment-903\" style=\"width: 300px\" class=\"wp-caption alignnone\"><img loading=\"lazy\" decoding=\"async\" class=\"size-medium wp-image-903\" src=\"https:\/\/altovoltajeradio.com\/es\/wp-content\/uploads\/2024\/11\/NOTICIAS-EMPOCALDAS-1-300x213.jpg\" alt=\"\" width=\"300\" height=\"213\" srcset=\"https:\/\/altovoltajeradio.com\/es\/wp-content\/uploads\/2024\/11\/NOTICIAS-EMPOCALDAS-1-300x213.jpg 300w, https:\/\/altovoltajeradio.com\/es\/wp-content\/uploads\/2024\/11\/NOTICIAS-EMPOCALDAS-1-1024x726.jpg 1024w, https:\/\/altovoltajeradio.com\/es\/wp-content\/uploads\/2024\/11\/NOTICIAS-EMPOCALDAS-1-768x545.jpg 768w, https:\/\/altovoltajeradio.com\/es\/wp-content\/uploads\/2024\/11\/NOTICIAS-EMPOCALDAS-1-1536x1090.jpg 1536w, https:\/\/altovoltajeradio.com\/es\/wp-content\/uploads\/2024\/11\/NOTICIAS-EMPOCALDAS-1-255x180.jpg 255w, https:\/\/altovoltajeradio.com\/es\/wp-content\/uploads\/2024\/11\/NOTICIAS-EMPOCALDAS-1-350x247.jpg 350w, https:\/\/altovoltajeradio.com\/es\/wp-content\/uploads\/2024\/11\/NOTICIAS-EMPOCALDAS-1-635x450.jpg 635w, https:\/\/altovoltajeradio.com\/es\/wp-content\/uploads\/2024\/11\/NOTICIAS-EMPOCALDAS-1-290x205.jpg 290w, https:\/\/altovoltajeradio.com\/es\/wp-content\/uploads\/2024\/11\/NOTICIAS-EMPOCALDAS-1.jpg 1748w\" sizes=\"auto, (max-width: 300px) 100vw, 300px\" \/><figcaption id=\"caption-attachment-903\" class=\"wp-caption-text\">Decisi\u00f3n del Tribunal Administrativo de Caldas, tomada en las \u00faltimas horas. Es el quinto acuerdo que le tumban al Concejo de ese municipio. En esta ocasi\u00f3n se trata del Acuerdo 440 del 13 de agosto de 2024, por el cual se realiza la armonizaci\u00f3n del presupuesto de la vigencia 2024 del municipio de Riosucio (Caldas) con el plan de desarrollo 2024-2027\u00a0<\/figcaption><\/figure>\n<p>Tras una demanda de la Gobernaci\u00f3n de Caldas en que se solicitaba un pronunciamiento del Tribunal Administrativo de Caldas sobre la validez del acuerdo 440 del 13 de agosto de 2024 y por el cual se realiza la armonizaci\u00f3n del presupuesto de la vigencia 2024 del Municipio de Riosucio Caldas con el Plan de Desarrollo 2024-2027, el Tribunal Administrativo de Caldas declar\u00f3 la invalidez de dicho acuerdo, determinaci\u00f3n que se ha comunicado al Gobernador del Departamento, al presidente del Concejo y al alcalde de Riosucio y a la que no procede acuerdo alguno.<\/p>\n<p>La Corporaci\u00f3n edilicia seg\u00fan el Tribunal llev\u00f3 a cabo una actuaci\u00f3n relacionada con el presupuesto frente a la cual, conforme a lo explicado no tiene competencia.\u00bb La demanda se establece toda vez que dicho acuerdo, espec\u00edficamente en los art\u00edculos 9 y 10en los que el Concejo de Riosucio redujo el presupuesto de ingresos y gastos para la vigencia del 2024, por considerar que dicha potestad se encuentra exclusivamente en el alcalde, a quienes v\u00eda decreto le corresponde realizar las reducciones a las partidas.<\/p>\n<p><strong>PARA TENER EN CUENTA:\u00a0<\/strong>La Demanda indicaba que estas situaciones comportan vicios en el proceso de formaci\u00f3n y por ende afectan su validez por expedici\u00f3n irregular del acto administrativo\u00bb.<\/p>\n<p><strong>LA CIFRA:\u00a0<\/strong>Es el quinto acuerdo que le tumban al Concejo de Riosucio el Tribunal Administrativo de Caldas.<\/p>\n","protected":false},"excerpt":{"rendered":"<p>Tras una demanda de la Gobernaci\u00f3n de Caldas en que [&hellip;]<\/p>\n","protected":false},"author":2,"featured_media":903,"comment_status":"open","ping_status":"open","sticky":false,"template":"","format":"standard","meta":{"footnotes":""},"categories":[4],"tags":[52,95,35,57],"class_list":["post-902","post","type-post","status-publish","format-standard","has-post-thumbnail","hentry","category-extra","tag-alcaldia-riosucio-caldas","tag-concejo-riosucio","tag-gobierno-de-caldas","tag-riosucio-caldas"],"_links":{"self":[{"href":"https:\/\/altovoltajeradio.com\/es\/wp-json\/wp\/v2\/posts\/902","targetHints":{"allow":["GET"]}}],"collection":[{"href":"https:\/\/altovoltajeradio.com\/es\/wp-json\/wp\/v2\/posts"}],"about":[{"href":"https:\/\/altovoltajeradio.com\/es\/wp-json\/wp\/v2\/types\/post"}],"author":[{"embeddable":true,"href":"https:\/\/altovoltajeradio.com\/es\/wp-json\/wp\/v2\/users\/2"}],"replies":[{"embeddable":true,"href":"https:\/\/altovoltajeradio.com\/es\/wp-json\/wp\/v2\/comments?post=902"}],"version-history":[{"count":1,"href":"https:\/\/altovoltajeradio.com\/es\/wp-json\/wp\/v2\/posts\/902\/revisions"}],"predecessor-version":[{"id":904,"href":"https:\/\/altovoltajeradio.com\/es\/wp-json\/wp\/v2\/posts\/902\/revisions\/904"}],"wp:featuredmedia":[{"embeddable":true,"href":"https:\/\/altovoltajeradio.com\/es\/wp-json\/wp\/v2\/media\/903"}],"wp:attachment":[{"href":"https:\/\/altovoltajeradio.com\/es\/wp-json\/wp\/v2\/media?parent=902"}],"wp:term":[{"taxonomy":"category","embeddable":true,"href":"https:\/\/altovoltajeradio.com\/es\/wp-json\/wp\/v2\/categories?post=902"},{"taxonomy":"post_tag","embeddable":true,"href":"https:\/\/altovoltajeradio.com\/es\/wp-json\/wp\/v2\/tags?post=902"}],"curies":[{"name":"wp","href":"https:\/\/api.w.org\/{rel}","templated":true}]}}