{"id":906,"date":"2024-11-16T15:26:17","date_gmt":"2024-11-16T15:26:17","guid":{"rendered":"https:\/\/altovoltajeradio.com\/es\/?p=906"},"modified":"2024-11-17T01:58:46","modified_gmt":"2024-11-17T01:58:46","slug":"906-2","status":"publish","type":"post","link":"https:\/\/altovoltajeradio.com\/es\/906-2\/","title":{"rendered":"Falleci\u00f3 distinguida ex docente riosuce\u00f1a"},"content":{"rendered":"<figure id=\"attachment_907\" aria-describedby=\"caption-attachment-907\" style=\"width: 300px\" class=\"wp-caption alignnone\"><img loading=\"lazy\" decoding=\"async\" class=\"size-medium wp-image-907\" src=\"https:\/\/altovoltajeradio.com\/es\/wp-content\/uploads\/2024\/11\/BORRADORES_23-removebg-preview-300x213.png\" alt=\"\" width=\"300\" height=\"213\" srcset=\"https:\/\/altovoltajeradio.com\/es\/wp-content\/uploads\/2024\/11\/BORRADORES_23-removebg-preview-300x213.png 300w, https:\/\/altovoltajeradio.com\/es\/wp-content\/uploads\/2024\/11\/BORRADORES_23-removebg-preview-1024x726.png 1024w, https:\/\/altovoltajeradio.com\/es\/wp-content\/uploads\/2024\/11\/BORRADORES_23-removebg-preview-768x545.png 768w, https:\/\/altovoltajeradio.com\/es\/wp-content\/uploads\/2024\/11\/BORRADORES_23-removebg-preview-1536x1090.png 1536w, https:\/\/altovoltajeradio.com\/es\/wp-content\/uploads\/2024\/11\/BORRADORES_23-removebg-preview-255x180.png 255w, https:\/\/altovoltajeradio.com\/es\/wp-content\/uploads\/2024\/11\/BORRADORES_23-removebg-preview-350x247.png 350w, https:\/\/altovoltajeradio.com\/es\/wp-content\/uploads\/2024\/11\/BORRADORES_23-removebg-preview-635x450.png 635w, https:\/\/altovoltajeradio.com\/es\/wp-content\/uploads\/2024\/11\/BORRADORES_23-removebg-preview-290x205.png 290w, https:\/\/altovoltajeradio.com\/es\/wp-content\/uploads\/2024\/11\/BORRADORES_23-removebg-preview.png 1748w\" sizes=\"auto, (max-width: 300px) 100vw, 300px\" \/><figcaption id=\"caption-attachment-907\" class=\"wp-caption-text\">En la ma\u00f1ana de este s\u00e1bado 16 de noviembre se conoci\u00f3 la lamentable noticia de la distinguida dama Do\u00f1a Luz Dary Montoya quien se destac\u00f3 por su labor docente y como miembro de las peque\u00f1as comunidades de la Parroquia de San Sebasti\u00e1n<\/figcaption><\/figure>\n<p><span class=\"xv78j7m\" spellcheck=\"false\">#Obituario<\/span> NOTCIAS <span class=\"xv78j7m\" spellcheck=\"false\">ALTO Voltaje Radio<\/span> En la ma\u00f1ana de este s\u00e1bado 16 de noviembre se conoci\u00f3 la lamentable noticia sobre el fallecimiento de la se\u00f1ora Luz Dary Montoya quien fuera una reconocida docente y directiva de Riosucio, ocup\u00f3 hasta el momento de su jubilaci\u00f3n el cargo de rectora de la I.E Nuestra Se\u00f1ora de Fatima de las Estancias. Tambi\u00e9n ser\u00e1 recordada por su afan portransmitir la fe cristiana a trav\u00e9s de nuevos m\u00e9todos y expresiones, para responder a las necesidades de las personas, especialmente en su comunidad, las Estancias. Su labor incansable por depositar la f\u00e9 a los nuevos miembros de la Iglesia cat\u00f3lica es tambi\u00e9n una de las actividades que har\u00e1n que su memoria sea esa luz que no se apagar\u00e1. La noticia sorprendi\u00f3 a la sociedad riosuce\u00f1a y enluta al sector de la docencia del Municipio. Paz en su tumba.<\/p>\n<p>&nbsp;<\/p>\n","protected":false},"excerpt":{"rendered":"<p>#Obituario NOTCIAS ALTO Voltaje Radio En la ma\u00f1ana de este [&hellip;]<\/p>\n","protected":false},"author":2,"featured_media":907,"comment_status":"open","ping_status":"open","sticky":false,"template":"","format":"standard","meta":{"footnotes":""},"categories":[10],"tags":[52,95,75],"class_list":["post-906","post","type-post","status-publish","format-standard","has-post-thumbnail","hentry","category-obituario","tag-alcaldia-riosucio-caldas","tag-concejo-riosucio","tag-normal-sagrado-corazon-riosucio"],"_links":{"self":[{"href":"https:\/\/altovoltajeradio.com\/es\/wp-json\/wp\/v2\/posts\/906","targetHints":{"allow":["GET"]}}],"collection":[{"href":"https:\/\/altovoltajeradio.com\/es\/wp-json\/wp\/v2\/posts"}],"about":[{"href":"https:\/\/altovoltajeradio.com\/es\/wp-json\/wp\/v2\/types\/post"}],"author":[{"embeddable":true,"href":"https:\/\/altovoltajeradio.com\/es\/wp-json\/wp\/v2\/users\/2"}],"replies":[{"embeddable":true,"href":"https:\/\/altovoltajeradio.com\/es\/wp-json\/wp\/v2\/comments?post=906"}],"version-history":[{"count":3,"href":"https:\/\/altovoltajeradio.com\/es\/wp-json\/wp\/v2\/posts\/906\/revisions"}],"predecessor-version":[{"id":910,"href":"https:\/\/altovoltajeradio.com\/es\/wp-json\/wp\/v2\/posts\/906\/revisions\/910"}],"wp:featuredmedia":[{"embeddable":true,"href":"https:\/\/altovoltajeradio.com\/es\/wp-json\/wp\/v2\/media\/907"}],"wp:attachment":[{"href":"https:\/\/altovoltajeradio.com\/es\/wp-json\/wp\/v2\/media?parent=906"}],"wp:term":[{"taxonomy":"category","embeddable":true,"href":"https:\/\/altovoltajeradio.com\/es\/wp-json\/wp\/v2\/categories?post=906"},{"taxonomy":"post_tag","embeddable":true,"href":"https:\/\/altovoltajeradio.com\/es\/wp-json\/wp\/v2\/tags?post=906"}],"curies":[{"name":"wp","href":"https:\/\/api.w.org\/{rel}","templated":true}]}}