{"id":912,"date":"2024-11-25T02:14:51","date_gmt":"2024-11-25T02:14:51","guid":{"rendered":"https:\/\/altovoltajeradio.com\/es\/?p=912"},"modified":"2024-11-25T02:14:51","modified_gmt":"2024-11-25T02:14:51","slug":"muere-campesino-del-territorio-de-la-montana-de-riosucio-atrapado-por-una-alud-de-tierra","status":"publish","type":"post","link":"https:\/\/altovoltajeradio.com\/es\/muere-campesino-del-territorio-de-la-montana-de-riosucio-atrapado-por-una-alud-de-tierra\/","title":{"rendered":"Muere campesino del Territorio de la Monta\u00f1a de Riosucio atrapado por una alud de tierra"},"content":{"rendered":"<figure id=\"attachment_913\" aria-describedby=\"caption-attachment-913\" style=\"width: 300px\" class=\"wp-caption alignnone\"><img loading=\"lazy\" decoding=\"async\" class=\"size-medium wp-image-913\" src=\"https:\/\/altovoltajeradio.com\/es\/wp-content\/uploads\/2024\/11\/BORRADORES-11-a-300x213.jpeg\" alt=\"\" width=\"300\" height=\"213\" srcset=\"https:\/\/altovoltajeradio.com\/es\/wp-content\/uploads\/2024\/11\/BORRADORES-11-a-300x213.jpeg 300w, https:\/\/altovoltajeradio.com\/es\/wp-content\/uploads\/2024\/11\/BORRADORES-11-a-1024x726.jpeg 1024w, https:\/\/altovoltajeradio.com\/es\/wp-content\/uploads\/2024\/11\/BORRADORES-11-a-768x545.jpeg 768w, https:\/\/altovoltajeradio.com\/es\/wp-content\/uploads\/2024\/11\/BORRADORES-11-a-1536x1090.jpeg 1536w, https:\/\/altovoltajeradio.com\/es\/wp-content\/uploads\/2024\/11\/BORRADORES-11-a-255x180.jpeg 255w, https:\/\/altovoltajeradio.com\/es\/wp-content\/uploads\/2024\/11\/BORRADORES-11-a-350x247.jpeg 350w, https:\/\/altovoltajeradio.com\/es\/wp-content\/uploads\/2024\/11\/BORRADORES-11-a-635x450.jpeg 635w, https:\/\/altovoltajeradio.com\/es\/wp-content\/uploads\/2024\/11\/BORRADORES-11-a-290x205.jpeg 290w, https:\/\/altovoltajeradio.com\/es\/wp-content\/uploads\/2024\/11\/BORRADORES-11-a.jpeg 1748w\" sizes=\"auto, (max-width: 300px) 100vw, 300px\" \/><figcaption id=\"caption-attachment-913\" class=\"wp-caption-text\">En horas de la ma\u00f1ana de este domingo 24 de noviembre se report\u00f3 un derrumbe en el que perdi\u00f3 la vida un lugare\u00f1o de la zona. El suceso ocurri\u00f3 en la vereda la Candelaria.\u00a0<\/figcaption><\/figure>\n<p>En horas de la ma\u00f1ana de este domingo 24 de noviembre se inform\u00f3 por parte de las autoridades sobre un derrumbe en la vereda La Candelaria perteneciente al Resguardo Ind\u00edgena Nuestra Se\u00f1ora Candelaria de la Monta\u00f1a, all\u00ed perdi\u00f3 la vida un lugare\u00f1o que se movilizaba por el sitio con el fin de cortar le\u00f1a. La v\u00edctima fue identificada como HUMBERTO DE JES\u00daS TABA HERN\u00c1NDEZ quien fuera sorprendido por un alud de tierra.<\/p>\n<p>Las autoridades han alertado tras las fuertes lluvias, mismas que han generado la saturaci\u00f3n del suelo.<\/p>\n<p>\u201cSe tiene un importante movimiento en la zona y se puede presentar alg\u00fan represamiento, es importante que las comunidades aguas abajo est\u00e9n pendientes de la situaci\u00f3n. Estamos haciendo un monitoreo y realizamos los vuelos con dron y seguiremos hasta que se tenga informaci\u00f3n de la persona desaparecida\u201d, explic\u00f3 Sebasti\u00e1n Largo Ram\u00edrez, jefe de gesti\u00f3n del riesgo de Riosucio.<\/p>\n<p>&nbsp;<\/p>\n<p>&nbsp;<\/p>\n<p>&nbsp;<\/p>\n","protected":false},"excerpt":{"rendered":"<p>En horas de la ma\u00f1ana de este domingo 24 de [&hellip;]<\/p>\n","protected":false},"author":2,"featured_media":913,"comment_status":"open","ping_status":"open","sticky":false,"template":"","format":"standard","meta":{"footnotes":""},"categories":[4],"tags":[],"class_list":["post-912","post","type-post","status-publish","format-standard","has-post-thumbnail","hentry","category-extra"],"_links":{"self":[{"href":"https:\/\/altovoltajeradio.com\/es\/wp-json\/wp\/v2\/posts\/912","targetHints":{"allow":["GET"]}}],"collection":[{"href":"https:\/\/altovoltajeradio.com\/es\/wp-json\/wp\/v2\/posts"}],"about":[{"href":"https:\/\/altovoltajeradio.com\/es\/wp-json\/wp\/v2\/types\/post"}],"author":[{"embeddable":true,"href":"https:\/\/altovoltajeradio.com\/es\/wp-json\/wp\/v2\/users\/2"}],"replies":[{"embeddable":true,"href":"https:\/\/altovoltajeradio.com\/es\/wp-json\/wp\/v2\/comments?post=912"}],"version-history":[{"count":1,"href":"https:\/\/altovoltajeradio.com\/es\/wp-json\/wp\/v2\/posts\/912\/revisions"}],"predecessor-version":[{"id":914,"href":"https:\/\/altovoltajeradio.com\/es\/wp-json\/wp\/v2\/posts\/912\/revisions\/914"}],"wp:featuredmedia":[{"embeddable":true,"href":"https:\/\/altovoltajeradio.com\/es\/wp-json\/wp\/v2\/media\/913"}],"wp:attachment":[{"href":"https:\/\/altovoltajeradio.com\/es\/wp-json\/wp\/v2\/media?parent=912"}],"wp:term":[{"taxonomy":"category","embeddable":true,"href":"https:\/\/altovoltajeradio.com\/es\/wp-json\/wp\/v2\/categories?post=912"},{"taxonomy":"post_tag","embeddable":true,"href":"https:\/\/altovoltajeradio.com\/es\/wp-json\/wp\/v2\/tags?post=912"}],"curies":[{"name":"wp","href":"https:\/\/api.w.org\/{rel}","templated":true}]}}