{"id":918,"date":"2024-12-13T18:36:00","date_gmt":"2024-12-13T18:36:00","guid":{"rendered":"https:\/\/altovoltajeradio.com\/es\/?p=918"},"modified":"2024-12-13T18:40:26","modified_gmt":"2024-12-13T18:40:26","slug":"con-orgullo-y-premio-a-su-sacrificio-y-pasion-jairo-adolfo-sanchez-recibe-su-ascenso-de-capitan-de-navio-o-coronel","status":"publish","type":"post","link":"https:\/\/altovoltajeradio.com\/es\/con-orgullo-y-premio-a-su-sacrificio-y-pasion-jairo-adolfo-sanchez-recibe-su-ascenso-de-capitan-de-navio-o-coronel\/","title":{"rendered":"Con orgullo y premio a su sacrificio y pasi\u00f3n Jairo Adolfo S\u00e1nchez recibe su ascenso de capit\u00e1n de nav\u00edo o coronel"},"content":{"rendered":"<figure id=\"attachment_919\" aria-describedby=\"caption-attachment-919\" style=\"width: 300px\" class=\"wp-caption alignnone\"><img loading=\"lazy\" decoding=\"async\" class=\"size-medium wp-image-919\" src=\"https:\/\/altovoltajeradio.com\/es\/wp-content\/uploads\/2024\/12\/BORRADOR-1-A-1-300x213.jpeg\" alt=\"\" width=\"300\" height=\"213\" srcset=\"https:\/\/altovoltajeradio.com\/es\/wp-content\/uploads\/2024\/12\/BORRADOR-1-A-1-300x213.jpeg 300w, https:\/\/altovoltajeradio.com\/es\/wp-content\/uploads\/2024\/12\/BORRADOR-1-A-1-1024x726.jpeg 1024w, https:\/\/altovoltajeradio.com\/es\/wp-content\/uploads\/2024\/12\/BORRADOR-1-A-1-768x545.jpeg 768w, https:\/\/altovoltajeradio.com\/es\/wp-content\/uploads\/2024\/12\/BORRADOR-1-A-1-1536x1090.jpeg 1536w, https:\/\/altovoltajeradio.com\/es\/wp-content\/uploads\/2024\/12\/BORRADOR-1-A-1-255x180.jpeg 255w, https:\/\/altovoltajeradio.com\/es\/wp-content\/uploads\/2024\/12\/BORRADOR-1-A-1-350x247.jpeg 350w, https:\/\/altovoltajeradio.com\/es\/wp-content\/uploads\/2024\/12\/BORRADOR-1-A-1-635x450.jpeg 635w, https:\/\/altovoltajeradio.com\/es\/wp-content\/uploads\/2024\/12\/BORRADOR-1-A-1-290x205.jpeg 290w, https:\/\/altovoltajeradio.com\/es\/wp-content\/uploads\/2024\/12\/BORRADOR-1-A-1.jpeg 1748w\" sizes=\"auto, (max-width: 300px) 100vw, 300px\" \/><figcaption id=\"caption-attachment-919\" class=\"wp-caption-text\">El hijo de Don Sigifredo S\u00e1nchez (QEPD) y Do\u00f1a Amparo Hern\u00e1ndez recibi\u00f3 el d\u00eda de hoy con orgullo el grado de Capit\u00e1n de Nav\u00edo o Coronel<\/figcaption><\/figure>\n<p>En la ma\u00f1ana de este viernes 13 de diciembre a bordo de la Escuela Militar de Cadetes Jos\u00e9 Mar\u00eda C\u00f3rdoba en la ciudad de Bogot\u00e1, Jairo Adolfo S\u00e1nchez Hern\u00e1ndez hijo de Sigifredo S\u00e1nchez (QEPD) y Amparo Hern\u00e1ndez, quienes fueron unos destacados docentes en el Municipio y hermano de los profesionales en medicina Diana Paola\u00a0 y Oscar Dar\u00edo,\u00a0 \u00a0nacido en Riosucio-Caldas y quien despu\u00e9s de m\u00e1s de 26 a\u00f1os de carrera militar en la Armada de Colombia es ascendido en la Escuela Militar Jos\u00e9 Mar\u00eda C\u00f3rdoba en Bogot\u00e1, por el Ministro de la Defensa y la c\u00fapula militar al grado de Capit\u00e1n de Nav\u00edo o Coronel, actualmente es el riosuce\u00f1o considerado como el\u00a0 Oficial activo con m\u00e1s alto rango de las Fuerzas Militares. Alto Voltaje Radio Internacional se suma a las felicitaciones de su familia en este d\u00eda tan especial donde es ascendido a este alto grado de la oficialidad militar, que es el premio a su sacrificio, trabajo y pasi\u00f3n.<\/p>\n","protected":false},"excerpt":{"rendered":"<p>En la ma\u00f1ana de este viernes 13 de diciembre a [&hellip;]<\/p>\n","protected":false},"author":2,"featured_media":0,"comment_status":"open","ping_status":"open","sticky":false,"template":"","format":"standard","meta":{"footnotes":""},"categories":[6],"tags":[52,97,20,57],"class_list":["post-918","post","type-post","status-publish","format-standard","hentry","category-sucesos","tag-alcaldia-riosucio-caldas","tag-naval","tag-riosucio","tag-riosucio-caldas"],"_links":{"self":[{"href":"https:\/\/altovoltajeradio.com\/es\/wp-json\/wp\/v2\/posts\/918","targetHints":{"allow":["GET"]}}],"collection":[{"href":"https:\/\/altovoltajeradio.com\/es\/wp-json\/wp\/v2\/posts"}],"about":[{"href":"https:\/\/altovoltajeradio.com\/es\/wp-json\/wp\/v2\/types\/post"}],"author":[{"embeddable":true,"href":"https:\/\/altovoltajeradio.com\/es\/wp-json\/wp\/v2\/users\/2"}],"replies":[{"embeddable":true,"href":"https:\/\/altovoltajeradio.com\/es\/wp-json\/wp\/v2\/comments?post=918"}],"version-history":[{"count":2,"href":"https:\/\/altovoltajeradio.com\/es\/wp-json\/wp\/v2\/posts\/918\/revisions"}],"predecessor-version":[{"id":921,"href":"https:\/\/altovoltajeradio.com\/es\/wp-json\/wp\/v2\/posts\/918\/revisions\/921"}],"wp:attachment":[{"href":"https:\/\/altovoltajeradio.com\/es\/wp-json\/wp\/v2\/media?parent=918"}],"wp:term":[{"taxonomy":"category","embeddable":true,"href":"https:\/\/altovoltajeradio.com\/es\/wp-json\/wp\/v2\/categories?post=918"},{"taxonomy":"post_tag","embeddable":true,"href":"https:\/\/altovoltajeradio.com\/es\/wp-json\/wp\/v2\/tags?post=918"}],"curies":[{"name":"wp","href":"https:\/\/api.w.org\/{rel}","templated":true}]}}