{"id":940,"date":"2025-01-02T15:27:27","date_gmt":"2025-01-02T15:27:27","guid":{"rendered":"https:\/\/altovoltajeradio.com\/es\/?p=940"},"modified":"2025-01-02T15:27:27","modified_gmt":"2025-01-02T15:27:27","slug":"940-2","status":"publish","type":"post","link":"https:\/\/altovoltajeradio.com\/es\/940-2\/","title":{"rendered":""},"content":{"rendered":"<figure id=\"attachment_941\" aria-describedby=\"caption-attachment-941\" style=\"width: 300px\" class=\"wp-caption alignnone\"><img loading=\"lazy\" decoding=\"async\" class=\"size-medium wp-image-941\" src=\"https:\/\/altovoltajeradio.com\/es\/wp-content\/uploads\/2025\/01\/NOTI-CARNAVAL-1-300x213.jpeg\" alt=\"\" width=\"300\" height=\"213\" srcset=\"https:\/\/altovoltajeradio.com\/es\/wp-content\/uploads\/2025\/01\/NOTI-CARNAVAL-1-300x213.jpeg 300w, https:\/\/altovoltajeradio.com\/es\/wp-content\/uploads\/2025\/01\/NOTI-CARNAVAL-1-1024x726.jpeg 1024w, https:\/\/altovoltajeradio.com\/es\/wp-content\/uploads\/2025\/01\/NOTI-CARNAVAL-1-768x545.jpeg 768w, https:\/\/altovoltajeradio.com\/es\/wp-content\/uploads\/2025\/01\/NOTI-CARNAVAL-1-1536x1090.jpeg 1536w, https:\/\/altovoltajeradio.com\/es\/wp-content\/uploads\/2025\/01\/NOTI-CARNAVAL-1-255x180.jpeg 255w, https:\/\/altovoltajeradio.com\/es\/wp-content\/uploads\/2025\/01\/NOTI-CARNAVAL-1-350x247.jpeg 350w, https:\/\/altovoltajeradio.com\/es\/wp-content\/uploads\/2025\/01\/NOTI-CARNAVAL-1-635x450.jpeg 635w, https:\/\/altovoltajeradio.com\/es\/wp-content\/uploads\/2025\/01\/NOTI-CARNAVAL-1-290x205.jpeg 290w, https:\/\/altovoltajeradio.com\/es\/wp-content\/uploads\/2025\/01\/NOTI-CARNAVAL-1.jpeg 1748w\" sizes=\"auto, (max-width: 300px) 100vw, 300px\" \/><figcaption id=\"caption-attachment-941\" class=\"wp-caption-text\">La Secretar\u00eda de Gobierno a trav\u00e9s de la Secretar\u00eda de Movilidad en concordancia con las disposiciones de la Junta del Carnaval dise\u00f1\u00f3 un plan estrat\u00e9gico para garantizar el disfrute y la tranquilidad en los desplazamientos de los asistentes a los eventos del Carnaval de Riosucio 2025.\u00a0<\/figcaption><\/figure>\n<p>En consecuencia, las autoridades locales han anunciado el cierre de las v\u00edas para los primeros eventos del Carnaval de Riosucio, \u00e9ste es el caso de la tradicional MARAT\u00d3N DEL DIABLO que se llevar\u00e1 a cabo por las principales calles de la ciudad a partir de las 3:30 de la tarde. Las entidades encargadas de garantizar el normal desarrollo del evento hacen un llamado para que los conductores no estacionen las v\u00edas c\u00e9ntricas por donde se va a llevar a cabo el evento deportivo y recalcan que el cierre de las v\u00edas se realizar\u00e1 3 horas antes de cada desfile.<\/p>\n<p>&nbsp;<\/p>\n","protected":false},"excerpt":{"rendered":"<p>En consecuencia, las autoridades locales han anunciado el cierre de [&hellip;]<\/p>\n","protected":false},"author":2,"featured_media":0,"comment_status":"open","ping_status":"open","sticky":false,"template":"","format":"standard","meta":{"footnotes":""},"categories":[11],"tags":[74,41,52,73,95,72,98,96],"class_list":["post-940","post","type-post","status-publish","format-standard","hentry","category-cultura","tag-alcaldia-anserma","tag-alcaldia-manizales","tag-alcaldia-riosucio-caldas","tag-alcaldia-supia","tag-concejo-riosucio","tag-corporacion-carnaval-de-riosucio","tag-filadelfia-caldas","tag-la-merced-caldas"],"_links":{"self":[{"href":"https:\/\/altovoltajeradio.com\/es\/wp-json\/wp\/v2\/posts\/940","targetHints":{"allow":["GET"]}}],"collection":[{"href":"https:\/\/altovoltajeradio.com\/es\/wp-json\/wp\/v2\/posts"}],"about":[{"href":"https:\/\/altovoltajeradio.com\/es\/wp-json\/wp\/v2\/types\/post"}],"author":[{"embeddable":true,"href":"https:\/\/altovoltajeradio.com\/es\/wp-json\/wp\/v2\/users\/2"}],"replies":[{"embeddable":true,"href":"https:\/\/altovoltajeradio.com\/es\/wp-json\/wp\/v2\/comments?post=940"}],"version-history":[{"count":1,"href":"https:\/\/altovoltajeradio.com\/es\/wp-json\/wp\/v2\/posts\/940\/revisions"}],"predecessor-version":[{"id":942,"href":"https:\/\/altovoltajeradio.com\/es\/wp-json\/wp\/v2\/posts\/940\/revisions\/942"}],"wp:attachment":[{"href":"https:\/\/altovoltajeradio.com\/es\/wp-json\/wp\/v2\/media?parent=940"}],"wp:term":[{"taxonomy":"category","embeddable":true,"href":"https:\/\/altovoltajeradio.com\/es\/wp-json\/wp\/v2\/categories?post=940"},{"taxonomy":"post_tag","embeddable":true,"href":"https:\/\/altovoltajeradio.com\/es\/wp-json\/wp\/v2\/tags?post=940"}],"curies":[{"name":"wp","href":"https:\/\/api.w.org\/{rel}","templated":true}]}}