{"id":943,"date":"2025-01-12T21:02:37","date_gmt":"2025-01-12T21:02:37","guid":{"rendered":"https:\/\/altovoltajeradio.com\/es\/?p=943"},"modified":"2025-01-13T03:26:17","modified_gmt":"2025-01-13T03:26:17","slug":"la-joven-y-carismatica-breyna-murio-por-negligencia-medica","status":"publish","type":"post","link":"https:\/\/altovoltajeradio.com\/es\/la-joven-y-carismatica-breyna-murio-por-negligencia-medica\/","title":{"rendered":"La joven y carism\u00e1tica Greisy muri\u00f3 por negligencia m\u00e9dica?"},"content":{"rendered":"<p>Greisy Uribe Tapasco falleci\u00f3 el jueves 9 de enero cerca a las 10 de la noche, dejando un vac\u00edo muy grande en su familia y su comunidad del Resguardo de Ca\u00f1amomo y Lomaprieta donde ser\u00e1 recordad<\/p>\n<figure id=\"attachment_944\" aria-describedby=\"caption-attachment-944\" style=\"width: 300px\" class=\"wp-caption alignnone\"><img loading=\"lazy\" decoding=\"async\" class=\"size-medium wp-image-944\" src=\"https:\/\/altovoltajeradio.com\/es\/wp-content\/uploads\/2025\/01\/BORRADOR-1-A-300x213.png\" alt=\"\" width=\"300\" height=\"213\" srcset=\"https:\/\/altovoltajeradio.com\/es\/wp-content\/uploads\/2025\/01\/BORRADOR-1-A-300x213.png 300w, https:\/\/altovoltajeradio.com\/es\/wp-content\/uploads\/2025\/01\/BORRADOR-1-A-1024x726.png 1024w, https:\/\/altovoltajeradio.com\/es\/wp-content\/uploads\/2025\/01\/BORRADOR-1-A-768x545.png 768w, https:\/\/altovoltajeradio.com\/es\/wp-content\/uploads\/2025\/01\/BORRADOR-1-A-1536x1090.png 1536w, https:\/\/altovoltajeradio.com\/es\/wp-content\/uploads\/2025\/01\/BORRADOR-1-A-255x180.png 255w, https:\/\/altovoltajeradio.com\/es\/wp-content\/uploads\/2025\/01\/BORRADOR-1-A-350x247.png 350w, https:\/\/altovoltajeradio.com\/es\/wp-content\/uploads\/2025\/01\/BORRADOR-1-A-635x450.png 635w, https:\/\/altovoltajeradio.com\/es\/wp-content\/uploads\/2025\/01\/BORRADOR-1-A-290x205.png 290w, https:\/\/altovoltajeradio.com\/es\/wp-content\/uploads\/2025\/01\/BORRADOR-1-A.png 1748w\" sizes=\"auto, (max-width: 300px) 100vw, 300px\" \/><figcaption id=\"caption-attachment-944\" class=\"wp-caption-text\">Greisy Uribe Tapasco falleci\u00f3 el jueves 9 de enero cerca a las 10 de la noche, dejando un vac\u00edo muy grande en su familia y su comunidad del Resguardo de Ca\u00f1amomo y Lomaprieta donde ser\u00e1 recordada como una joven empoderada, amante del trabajo adem\u00e1s servicial.<\/figcaption><\/figure>\n<p>a como una joven empoderada, amante del trabajo adem\u00e1s servicial, su obra m\u00e1s destacada el apoyo al equipo de f\u00fatbol de la vereda Paneso con el pago de arbitraje y la hidrataci\u00f3n.<\/p>\n<p>La muerte de Greisy ha causado dolor e impotencia en su familia por lo que aseguran hubo negligencia y un mal procedimiento m\u00e9dico en el Hospital Departamental San Juan de Dios de Riosucio. \u00abEl mi\u00e9rcoles la llevamos de urgencia al centro hospitalario toda vez que presentaba un dolor abdominal muy agudo, manifestaron que lo de ella era una infecci\u00f3n urinaria y me la despacharon para la casa y le formularon Ibuprofeno 20 mgs (sic) y placil para el vomito, a la media hora el dolor era tan fuerte que la trajimos por urgencias de nuevo eran las 2:20 m\u00e1s o menos y a las 10 de la noche\u00bb, manifest\u00f3 Marta Tapasco la mam\u00e1 de Breyna.<\/p>\n<p>Agrega su progenitora, \u00abAl d\u00eda siguiente (jueves) mi ni\u00f1a se agravo y decimos llevarla de nuevo al Hospital, pero ya no hab\u00eda nada que hacer, estaba sin signos vitales\u00bb<\/p>\n<p>Su familia ha dicho que instaurar\u00e1 una denuncia penal por las circunstancias que rodearon la <strong>muerte de Greisy<\/strong>, para que investigue la IPS Hospital San Juan de Dios <strong>por su presunta responsabilidad en el fallecimiento de esta persona<\/strong>.<\/p>\n<p>\u00abNada y ni nadie va a devolverle la vida a mi sobrina, pero elevamos esta denuncia por que no queremos que otra familia tenga que pasar por una situaci\u00f3n tan dolorosa como la que estamos viviendo. No es posible que no le hubieran hecho una evaluaci\u00f3n y diagn\u00f3sito sino que le enviaron un medicamento para una infecci\u00f3n renal cuando lo que dijeron era que ten\u00eda una infecci\u00f3n urinaria (sic)\u00bb, dijo Esteban uno de sus t\u00edos.<\/p>\n<p>Nuestro medio de comunicaci\u00f3n Digital Alto Voltaje Radio est\u00e1 a la espera del pronunciamiento que haga el Hospital San Juan de Dios sobre esta grave denuncia.<\/p>\n","protected":false},"excerpt":{"rendered":"<p>Greisy Uribe Tapasco falleci\u00f3 el jueves 9 de enero cerca [&hellip;]<\/p>\n","protected":false},"author":2,"featured_media":944,"comment_status":"open","ping_status":"open","sticky":false,"template":"","format":"standard","meta":{"footnotes":""},"categories":[6],"tags":[52,95,99,57],"class_list":["post-943","post","type-post","status-publish","format-standard","has-post-thumbnail","hentry","category-sucesos","tag-alcaldia-riosucio-caldas","tag-concejo-riosucio","tag-hospital-departamental-san-juan-de-dios-de-riosucio","tag-riosucio-caldas"],"_links":{"self":[{"href":"https:\/\/altovoltajeradio.com\/es\/wp-json\/wp\/v2\/posts\/943","targetHints":{"allow":["GET"]}}],"collection":[{"href":"https:\/\/altovoltajeradio.com\/es\/wp-json\/wp\/v2\/posts"}],"about":[{"href":"https:\/\/altovoltajeradio.com\/es\/wp-json\/wp\/v2\/types\/post"}],"author":[{"embeddable":true,"href":"https:\/\/altovoltajeradio.com\/es\/wp-json\/wp\/v2\/users\/2"}],"replies":[{"embeddable":true,"href":"https:\/\/altovoltajeradio.com\/es\/wp-json\/wp\/v2\/comments?post=943"}],"version-history":[{"count":3,"href":"https:\/\/altovoltajeradio.com\/es\/wp-json\/wp\/v2\/posts\/943\/revisions"}],"predecessor-version":[{"id":947,"href":"https:\/\/altovoltajeradio.com\/es\/wp-json\/wp\/v2\/posts\/943\/revisions\/947"}],"wp:featuredmedia":[{"embeddable":true,"href":"https:\/\/altovoltajeradio.com\/es\/wp-json\/wp\/v2\/media\/944"}],"wp:attachment":[{"href":"https:\/\/altovoltajeradio.com\/es\/wp-json\/wp\/v2\/media?parent=943"}],"wp:term":[{"taxonomy":"category","embeddable":true,"href":"https:\/\/altovoltajeradio.com\/es\/wp-json\/wp\/v2\/categories?post=943"},{"taxonomy":"post_tag","embeddable":true,"href":"https:\/\/altovoltajeradio.com\/es\/wp-json\/wp\/v2\/tags?post=943"}],"curies":[{"name":"wp","href":"https:\/\/api.w.org\/{rel}","templated":true}]}}