{"id":952,"date":"2025-01-20T14:56:22","date_gmt":"2025-01-20T14:56:22","guid":{"rendered":"https:\/\/altovoltajeradio.com\/es\/?p=952"},"modified":"2025-01-20T14:56:22","modified_gmt":"2025-01-20T14:56:22","slug":"renuncia-mauricio-lizcano-al-ministerio-de-lastic","status":"publish","type":"post","link":"https:\/\/altovoltajeradio.com\/es\/renuncia-mauricio-lizcano-al-ministerio-de-lastic\/","title":{"rendered":"Renuncia Mauricio Lizcano al Ministerio de lasTIC"},"content":{"rendered":"<figure id=\"attachment_953\" aria-describedby=\"caption-attachment-953\" style=\"width: 300px\" class=\"wp-caption alignnone\"><img loading=\"lazy\" decoding=\"async\" class=\"size-medium wp-image-953\" src=\"https:\/\/altovoltajeradio.com\/es\/wp-content\/uploads\/2025\/01\/BORRADOR-1-A-300x213.jpeg\" alt=\"\" width=\"300\" height=\"213\" srcset=\"https:\/\/altovoltajeradio.com\/es\/wp-content\/uploads\/2025\/01\/BORRADOR-1-A-300x213.jpeg 300w, https:\/\/altovoltajeradio.com\/es\/wp-content\/uploads\/2025\/01\/BORRADOR-1-A-1024x726.jpeg 1024w, https:\/\/altovoltajeradio.com\/es\/wp-content\/uploads\/2025\/01\/BORRADOR-1-A-768x545.jpeg 768w, https:\/\/altovoltajeradio.com\/es\/wp-content\/uploads\/2025\/01\/BORRADOR-1-A-1536x1090.jpeg 1536w, https:\/\/altovoltajeradio.com\/es\/wp-content\/uploads\/2025\/01\/BORRADOR-1-A-255x180.jpeg 255w, https:\/\/altovoltajeradio.com\/es\/wp-content\/uploads\/2025\/01\/BORRADOR-1-A-350x247.jpeg 350w, https:\/\/altovoltajeradio.com\/es\/wp-content\/uploads\/2025\/01\/BORRADOR-1-A-635x450.jpeg 635w, https:\/\/altovoltajeradio.com\/es\/wp-content\/uploads\/2025\/01\/BORRADOR-1-A-290x205.jpeg 290w, https:\/\/altovoltajeradio.com\/es\/wp-content\/uploads\/2025\/01\/BORRADOR-1-A.jpeg 1748w\" sizes=\"auto, (max-width: 300px) 100vw, 300px\" \/><figcaption id=\"caption-attachment-953\" class=\"wp-caption-text\">El alto funcionario ha renunciado al gobierno del presidente Gustavo Petro, as\u00ed lo dio a conocer a trav\u00e9s de su cuenta de X\u00a0<\/figcaption><\/figure>\n<p>Mauricio Lizcano, ministro de las TIC (Tecnolog\u00edas de la Informaci\u00f3n y las Comunicaciones), present\u00f3 su renuncia al presidente Gustavo Petro. As\u00ed lo confirm\u00f3 en un mensaje en su cuenta de X: \u201cHe presentado mi renuncia como Ministro TIC. Hoy cierro con gratitud y orgullo una etapa que me permiti\u00f3 cumplirle a Colombia. Gracias al presidente Gustavo Petro por la oportunidad de servir, al equipo del ministerio y a la gente por las muestras de afecto\u201d. El funcionario present\u00f3 un balance de su gesti\u00f3n como ministro: \u201cEste periodo marc\u00f3 un antes y un despu\u00e9s para la Inteligencia Artificial en el pa\u00eds, con proyectos que consolidaron a Colombia como l\u00edder. Ahora dedicar\u00e9 mi tiempo a lo m\u00e1s valioso que tengo: mi familia\u201d, se\u00f1al\u00f3. UN DATO PARA TENER EN CUENTA: Antes de ser ministro, Lizcano fue nombrado como director del Departamento Administrativo de la Presidencia (Dapre). Su llegada al Gobierno fue criticada en su momento, incluso desde campa\u00f1a, porque su apellido se asocia a la pol\u00edtica tradicional. Lizcano fue congresista del Partido de La U y cercano a los expresidentes Uribe y Santos.<\/p>\n","protected":false},"excerpt":{"rendered":"<p>Mauricio Lizcano, ministro de las TIC (Tecnolog\u00edas de la Informaci\u00f3n [&hellip;]<\/p>\n","protected":false},"author":2,"featured_media":0,"comment_status":"open","ping_status":"open","sticky":false,"template":"","format":"standard","meta":{"footnotes":""},"categories":[4],"tags":[100,52,95,35],"class_list":["post-952","post","type-post","status-publish","format-standard","hentry","category-extra","tag-alcaldia-de-manizales-manizales","tag-alcaldia-riosucio-caldas","tag-concejo-riosucio","tag-gobierno-de-caldas"],"_links":{"self":[{"href":"https:\/\/altovoltajeradio.com\/es\/wp-json\/wp\/v2\/posts\/952","targetHints":{"allow":["GET"]}}],"collection":[{"href":"https:\/\/altovoltajeradio.com\/es\/wp-json\/wp\/v2\/posts"}],"about":[{"href":"https:\/\/altovoltajeradio.com\/es\/wp-json\/wp\/v2\/types\/post"}],"author":[{"embeddable":true,"href":"https:\/\/altovoltajeradio.com\/es\/wp-json\/wp\/v2\/users\/2"}],"replies":[{"embeddable":true,"href":"https:\/\/altovoltajeradio.com\/es\/wp-json\/wp\/v2\/comments?post=952"}],"version-history":[{"count":1,"href":"https:\/\/altovoltajeradio.com\/es\/wp-json\/wp\/v2\/posts\/952\/revisions"}],"predecessor-version":[{"id":954,"href":"https:\/\/altovoltajeradio.com\/es\/wp-json\/wp\/v2\/posts\/952\/revisions\/954"}],"wp:attachment":[{"href":"https:\/\/altovoltajeradio.com\/es\/wp-json\/wp\/v2\/media?parent=952"}],"wp:term":[{"taxonomy":"category","embeddable":true,"href":"https:\/\/altovoltajeradio.com\/es\/wp-json\/wp\/v2\/categories?post=952"},{"taxonomy":"post_tag","embeddable":true,"href":"https:\/\/altovoltajeradio.com\/es\/wp-json\/wp\/v2\/tags?post=952"}],"curies":[{"name":"wp","href":"https:\/\/api.w.org\/{rel}","templated":true}]}}