{"id":974,"date":"2025-03-07T01:46:54","date_gmt":"2025-03-07T01:46:54","guid":{"rendered":"https:\/\/altovoltajeradio.com\/es\/?p=974"},"modified":"2025-03-07T03:23:56","modified_gmt":"2025-03-07T03:23:56","slug":"una-persona-muerta-dejo-enfrentamiento-entre-un-grupo-armado-y-la-policia-en-zona-rural-de-riosucio-en-caldas","status":"publish","type":"post","link":"https:\/\/altovoltajeradio.com\/es\/una-persona-muerta-dejo-enfrentamiento-entre-un-grupo-armado-y-la-policia-en-zona-rural-de-riosucio-en-caldas\/","title":{"rendered":"Una persona muerta dej\u00f3 enfrentamiento entre un grupo armado y la Polic\u00eda en zona rural de Riosucio en Caldas"},"content":{"rendered":"<figure id=\"attachment_975\" aria-describedby=\"caption-attachment-975\" style=\"width: 300px\" class=\"wp-caption alignnone\"><img loading=\"lazy\" decoding=\"async\" class=\"size-medium wp-image-975\" src=\"https:\/\/altovoltajeradio.com\/es\/wp-content\/uploads\/2025\/03\/BORRADOR-G-300x213.jpg\" alt=\"\" width=\"300\" height=\"213\" srcset=\"https:\/\/altovoltajeradio.com\/es\/wp-content\/uploads\/2025\/03\/BORRADOR-G-300x213.jpg 300w, https:\/\/altovoltajeradio.com\/es\/wp-content\/uploads\/2025\/03\/BORRADOR-G-1024x726.jpg 1024w, https:\/\/altovoltajeradio.com\/es\/wp-content\/uploads\/2025\/03\/BORRADOR-G-768x545.jpg 768w, https:\/\/altovoltajeradio.com\/es\/wp-content\/uploads\/2025\/03\/BORRADOR-G-1536x1090.jpg 1536w, https:\/\/altovoltajeradio.com\/es\/wp-content\/uploads\/2025\/03\/BORRADOR-G-255x180.jpg 255w, https:\/\/altovoltajeradio.com\/es\/wp-content\/uploads\/2025\/03\/BORRADOR-G-350x247.jpg 350w, https:\/\/altovoltajeradio.com\/es\/wp-content\/uploads\/2025\/03\/BORRADOR-G-635x450.jpg 635w, https:\/\/altovoltajeradio.com\/es\/wp-content\/uploads\/2025\/03\/BORRADOR-G-290x205.jpg 290w, https:\/\/altovoltajeradio.com\/es\/wp-content\/uploads\/2025\/03\/BORRADOR-G.jpg 1748w\" sizes=\"auto, (max-width: 300px) 100vw, 300px\" \/><figcaption id=\"caption-attachment-975\" class=\"wp-caption-text\">Un enfrentamiento entre un grupo fuerte armado y la Polic\u00eda se registr\u00f3 en la tarde de hoy en el sector La Truchera Los Alpes ubicada en l\u00edmites de los Departamentos de Caldas y Antioquia.<\/figcaption><\/figure>\n<div>Un enfrentamiento entre un grupo fuerte armado y la Polic\u00eda se registr\u00f3 en la tarde de hoy en el sector La Truchera,<\/div>\n<div>Hasta el momento ninguna autoridad en Caldas ha detallado qu\u00e9 tipo de grupo ser\u00eda el que protagoniz\u00f3 este enfrentamiento con la Polic\u00eda en esa zona.<\/div>\n<div>Varios l\u00edderes sociales de Riosucio y Sup\u00eda han denunciado reiteradamente presencia de grupos armados como el ELN en esa zona y un posible resurgimiento del EPL, tambi\u00e9n en ese sector.<\/div>\n<div><\/div>\n<div>El secretario de Gobierno de Caldas, Jorge Andr\u00e9s G\u00f3mez Escudero, ha manifestado en repetidas ocasiones que tienen conocimiento de esas denuncias pero ha descartado insistentemente que en ninguna zona de Caldas hay grupos armados o bandas criminales.<\/div>\n<div><\/div>\n<div>En un debate de Control Pol\u00edtico ayer mi\u00e9rcoles en la Asamblea de Caldas, el funcionario tambi\u00e9n se\u00f1al\u00f3 que en las fronteras con departamentos como Risaralda y Antioquia est\u00e1n teniendo situaciones dif\u00edciles con diferentes actores criminales.<\/div>\n","protected":false},"excerpt":{"rendered":"<p>Un enfrentamiento entre un grupo fuerte armado y la Polic\u00eda [&hellip;]<\/p>\n","protected":false},"author":2,"featured_media":0,"comment_status":"open","ping_status":"open","sticky":false,"template":"","format":"standard","meta":{"footnotes":""},"categories":[4],"tags":[],"class_list":["post-974","post","type-post","status-publish","format-standard","hentry","category-extra"],"_links":{"self":[{"href":"https:\/\/altovoltajeradio.com\/es\/wp-json\/wp\/v2\/posts\/974","targetHints":{"allow":["GET"]}}],"collection":[{"href":"https:\/\/altovoltajeradio.com\/es\/wp-json\/wp\/v2\/posts"}],"about":[{"href":"https:\/\/altovoltajeradio.com\/es\/wp-json\/wp\/v2\/types\/post"}],"author":[{"embeddable":true,"href":"https:\/\/altovoltajeradio.com\/es\/wp-json\/wp\/v2\/users\/2"}],"replies":[{"embeddable":true,"href":"https:\/\/altovoltajeradio.com\/es\/wp-json\/wp\/v2\/comments?post=974"}],"version-history":[{"count":4,"href":"https:\/\/altovoltajeradio.com\/es\/wp-json\/wp\/v2\/posts\/974\/revisions"}],"predecessor-version":[{"id":979,"href":"https:\/\/altovoltajeradio.com\/es\/wp-json\/wp\/v2\/posts\/974\/revisions\/979"}],"wp:attachment":[{"href":"https:\/\/altovoltajeradio.com\/es\/wp-json\/wp\/v2\/media?parent=974"}],"wp:term":[{"taxonomy":"category","embeddable":true,"href":"https:\/\/altovoltajeradio.com\/es\/wp-json\/wp\/v2\/categories?post=974"},{"taxonomy":"post_tag","embeddable":true,"href":"https:\/\/altovoltajeradio.com\/es\/wp-json\/wp\/v2\/tags?post=974"}],"curies":[{"name":"wp","href":"https:\/\/api.w.org\/{rel}","templated":true}]}}