{"id":980,"date":"2025-03-11T20:07:15","date_gmt":"2025-03-11T20:07:15","guid":{"rendered":"https:\/\/altovoltajeradio.com\/es\/?p=980"},"modified":"2025-03-11T20:11:28","modified_gmt":"2025-03-11T20:11:28","slug":"campesinos-de-la-tierra-fria-rechaza-afirmacion-de-organizacion-indigena-en-el-que-se-atribuye-comunidad-rural-como-jurisdiccion-suya","status":"publish","type":"post","link":"https:\/\/altovoltajeradio.com\/es\/campesinos-de-la-tierra-fria-rechaza-afirmacion-de-organizacion-indigena-en-el-que-se-atribuye-comunidad-rural-como-jurisdiccion-suya\/","title":{"rendered":"Campesinos de la Tierra Fr\u00eda rechaza afirmaci\u00f3n de Organizaci\u00f3n Ind\u00edgena en el que se atribuye comunidad rural como jurisdicci\u00f3n suya"},"content":{"rendered":"<figure id=\"attachment_984\" aria-describedby=\"caption-attachment-984\" style=\"width: 300px\" class=\"wp-caption alignnone\"><img loading=\"lazy\" decoding=\"async\" class=\"size-medium wp-image-984\" src=\"https:\/\/altovoltajeradio.com\/es\/wp-content\/uploads\/2025\/03\/BORRADOR-F-300x213.jpg\" alt=\"\" width=\"300\" height=\"213\" srcset=\"https:\/\/altovoltajeradio.com\/es\/wp-content\/uploads\/2025\/03\/BORRADOR-F-300x213.jpg 300w, https:\/\/altovoltajeradio.com\/es\/wp-content\/uploads\/2025\/03\/BORRADOR-F-1024x726.jpg 1024w, https:\/\/altovoltajeradio.com\/es\/wp-content\/uploads\/2025\/03\/BORRADOR-F-768x545.jpg 768w, https:\/\/altovoltajeradio.com\/es\/wp-content\/uploads\/2025\/03\/BORRADOR-F-1536x1090.jpg 1536w, https:\/\/altovoltajeradio.com\/es\/wp-content\/uploads\/2025\/03\/BORRADOR-F-255x180.jpg 255w, https:\/\/altovoltajeradio.com\/es\/wp-content\/uploads\/2025\/03\/BORRADOR-F-350x247.jpg 350w, https:\/\/altovoltajeradio.com\/es\/wp-content\/uploads\/2025\/03\/BORRADOR-F-635x450.jpg 635w, https:\/\/altovoltajeradio.com\/es\/wp-content\/uploads\/2025\/03\/BORRADOR-F-290x205.jpg 290w, https:\/\/altovoltajeradio.com\/es\/wp-content\/uploads\/2025\/03\/BORRADOR-F.jpg 1748w\" sizes=\"auto, (max-width: 300px) 100vw, 300px\" \/><figcaption id=\"caption-attachment-984\" class=\"wp-caption-text\">Asociaci\u00f3n Orgullosamente Campesinos de la Tierra Fr\u00eda ha emitido un comunicado a la opini\u00f3n p\u00fablica en el que rechaza de manera enf\u00e1tica las recientes declaraciones del Resguardo Ind\u00edgena Nuestra Se\u00f1ora Candelaria de la Monta\u00f1a en las que se refiere a la comunidad de la Monta\u00f1a como parte de su territorio.<\/figcaption><\/figure>\n<div dir=\"auto\">Mucha atenci\u00f3n que la Asociaci\u00f3n Orgullosamente Campesinos de la Tierra Fr\u00eda ha emitido un comunicado al opini\u00f3n p\u00fablica en el que rechaza de manera enf\u00e1tica las recientes declaraciones del Resguardo Ind\u00edgena Nuestra Se\u00f1ora Candelaria de la Monta\u00f1a en las que se refiere a la comunidad de la Monta\u00f1a como parte de su territorio; lo anterior a ra\u00edz de un hecho ocurrido en est\u00e1 zona rural del Municipio de Riosucio en donde se registr\u00f3 un intercambio de disparos entre la polic\u00eda y hombres fuertemente armados pertenecientes a un grupo al margen de la ley, en los que un hombre muri\u00f3 y hubo incautaci\u00f3n de armamento, de acuerdo al informe de las autoridades.<\/div>\n<div dir=\"auto\">En consecuencia, la Organizaci\u00f3n Tierra Fr\u00eda manifiesta no reconocer como autoridad a la Organizaci\u00f3n ind\u00edgena de la Monta\u00f1a.<\/div>\n<div dir=\"auto\">\u00abEl acto legislativo del 5 de junio del 2023 reconoce al campesinado como sujeto de especial protecci\u00f3n constitucional y establece medidas concretas para la defensa de sus derechos y territorios\u00bb agregan en el comunicado.<\/div>\n<div dir=\"auto\">Manifiestan adem\u00e1s que como organizaci\u00f3n tambi\u00e9n han denunciado ante el Ministerio P\u00fablico la presencia de grupos armados ilegales y las consecuencias que conllevar\u00eda en cuanto a la tranquilidad y estabilidad en su jurisdicci\u00f3n.<\/div>\n<div dir=\"auto\">Alto Voltaje Radio publica el comunicado completo de la Organizaci\u00f3n Campesina \u00abOrgullosamente Tierra Fr\u00eda\u00bb<\/div>\n<div dir=\"auto\">PRONUNCIAMIENTO DE LA ASOCIACI\u00d3N ORGULLOSAMENTE CAMPESINOS TIERRA FR\u00cdA La Asociaci\u00f3n Orgullosamente Campesinos Tierra Fr\u00eda rechaza de manera categ\u00f3rica las recientes declaraciones de la Organizaci\u00f3n Ind\u00edgena Nuestra Se\u00f1ora Candelaria de la Monta\u00f1a, en las que se atribuye la vereda La Antioque\u00f1a como parte de su territorio. Dicha afirmaci\u00f3n es falsa y constituye una vulneraci\u00f3n a la identidad, los derechos hist\u00f3ricos y la permanencia de nuestra comunidad campesina, que por generaciones ha habitado, trabajado y protegido esta tierra. Advertimos y denunciamos esta situaci\u00f3n con el prop\u00f3sito de evitar que se instrumentalice el caso de la vereda La Antioque\u00f1a para obtener beneficios personales o acceder a recursos mediante enga\u00f1os por parte de esta organizaci\u00f3n que, de manera ileg\u00edtima, se toma atribuciones. La presencia campesina en la subregi\u00f3n de Tierra Fr\u00eda est\u00e1 plenamente documentada y sustentada en los principios de posesi\u00f3n, trabajo y arraigo hist\u00f3rico. Los habitantes de las 14 veredas que conforman la subregi\u00f3n de Tierra Fr\u00eda (El Oro, El Rub\u00ed, Cambia, Getseman\u00ed, Tres Cruces, Palermo, El Rosario, Llano Grande, M\u00e9jico, Roble Bonito, La Arboleda, R\u00edo Grande, La Robada y La Antioque\u00f1a) no reconocemos autoridad alguna de la Organizaci\u00f3n Ind\u00edgena Nuestra Se\u00f1ora Candelaria de la Monta\u00f1a sobre nuestro territorio. M\u00e1s a\u00fan, hemos denunciado ante el Ministerio P\u00fablico la presencia de grupos armados ilegales en la zona, lo que pone en grave riesgo la seguridad, la autonom\u00eda y la estabilidad de nuestras comunidades campesinas. Es imperativo que las entidades competentes asuman su responsabilidad y act\u00faen con celeridad para garantizar la protecci\u00f3n de la poblaci\u00f3n civil. El Acto Legislativo 01 del 5 de junio de 2023 reconoce al campesinado como sujeto de especial protecci\u00f3n constitucional y establece medidas concretas para la defensa de sus derechos y territorios. En virtud de este reconocimiento y del marco constitucional vigente, exigimos a las autoridades del Estado, organismos de control y dem\u00e1s entidades responsables que adopten las acciones necesarias para garantizar nuestra protecci\u00f3n y salvaguardar nuestros derechos territoriales. No toleraremos intentos de despojo ni actos que pretendan desconocer nuestra historia y nuestra leg\u00edtima presencia en el territorio. Somos una comunidad organizada, con una identidad arraigada y con derechos constitucionalmente protegidos, y exigimos que sean respetados en su totalidad. Desde la Asociaci\u00f3n Orgullosamente Campesinos Tierra Fr\u00eda, reiteramos nuestro compromiso con la defensa del territorio y los derechos de nuestra comunidad. Nos mantendremos en estado de alerta permanente, fortaleciendo nuestros sistemas de protecci\u00f3n y recurriendo a todos los mecanismos legales e institucionales disponibles para salvaguardar nuestra integridad y nuestra permanencia en la regi\u00f3n. Hacemos un llamado a la sociedad civil, organizaciones de derechos humanos y medios de comunicaci\u00f3n a visibilizar esta problem\u00e1tica y a respaldar nuestra exigencia de respeto, seguridad y justicia para las comunidades campesinas de Tierra Fr\u00eda.<\/div>\n","protected":false},"excerpt":{"rendered":"<p>Mucha atenci\u00f3n que la Asociaci\u00f3n Orgullosamente Campesinos de la Tierra [&hellip;]<\/p>\n","protected":false},"author":2,"featured_media":0,"comment_status":"open","ping_status":"open","sticky":false,"template":"","format":"standard","meta":{"footnotes":""},"categories":[6],"tags":[],"class_list":["post-980","post","type-post","status-publish","format-standard","hentry","category-sucesos"],"_links":{"self":[{"href":"https:\/\/altovoltajeradio.com\/es\/wp-json\/wp\/v2\/posts\/980","targetHints":{"allow":["GET"]}}],"collection":[{"href":"https:\/\/altovoltajeradio.com\/es\/wp-json\/wp\/v2\/posts"}],"about":[{"href":"https:\/\/altovoltajeradio.com\/es\/wp-json\/wp\/v2\/types\/post"}],"author":[{"embeddable":true,"href":"https:\/\/altovoltajeradio.com\/es\/wp-json\/wp\/v2\/users\/2"}],"replies":[{"embeddable":true,"href":"https:\/\/altovoltajeradio.com\/es\/wp-json\/wp\/v2\/comments?post=980"}],"version-history":[{"count":4,"href":"https:\/\/altovoltajeradio.com\/es\/wp-json\/wp\/v2\/posts\/980\/revisions"}],"predecessor-version":[{"id":988,"href":"https:\/\/altovoltajeradio.com\/es\/wp-json\/wp\/v2\/posts\/980\/revisions\/988"}],"wp:attachment":[{"href":"https:\/\/altovoltajeradio.com\/es\/wp-json\/wp\/v2\/media?parent=980"}],"wp:term":[{"taxonomy":"category","embeddable":true,"href":"https:\/\/altovoltajeradio.com\/es\/wp-json\/wp\/v2\/categories?post=980"},{"taxonomy":"post_tag","embeddable":true,"href":"https:\/\/altovoltajeradio.com\/es\/wp-json\/wp\/v2\/tags?post=980"}],"curies":[{"name":"wp","href":"https:\/\/api.w.org\/{rel}","templated":true}]}}